{"id":11925,"date":"2024-08-23T10:09:58","date_gmt":"2024-08-23T07:09:58","guid":{"rendered":"https:\/\/www.piiroinen.com\/?p=11925"},"modified":"2024-09-02T10:19:47","modified_gmt":"2024-09-02T07:19:47","slug":"inspiroivaa-keskustelua-helsingin-kiertotalousklusterissa","status":"publish","type":"post","link":"https:\/\/www.piiroinen.com\/fi\/inspiroivaa-keskustelua-helsingin-kiertotalousklusterissa\/","title":{"rendered":"Inspiroivaa keskustelua Helsingin kiertotalous&shy;klusterissa!"},"content":{"rendered":"<p>Designkaluste-tiimimme Anna Laitala, Juho Nieminen ja Timo Kaivonen kertoivat torstaina 22.8.2024 <a href=\"https:\/\/testbed.hel.fi\/kiertotalous\/kalusteiden-ja-talotekniikan-kiertotalousratkaisut-helsingin-kiertotalousklusterin-aamukahvit\/\" rel=\"noopener\" target=\"_blank\">Helsingin kiertotalousklusterin aamukahvitilaisuudessa<\/a> elinkaaripalveluistamme ja siit\u00e4, miten erilaisilla huoltotoimenpitell\u00e4 on mahdollista pident\u00e4\u00e4 julkitilakalusteiden elinkaarta.<\/p>\n<p>Piiroisen sek\u00e4 talotekniikan kiertotalousosaajien, Granlundin ja nolla_E:n, puheenvuorot her\u00e4ttiv\u00e4t paljon hyvi\u00e4 kysymyksi\u00e4 ja keskustelua kiertotalouden toteuttamisen toimintatavoista ja niiden kehitt\u00e4misest\u00e4 tulevaisuudessa.<\/p>\n<p>Kiitos kiertotalousklusterin Mira, Mette ja Eeva kutsusta puhumaan!<\/p>\n<p>\u2013 <\/p>\n<p>Helsingin kiertotalousklusterin elokuun aamukahveilla kuullaan k\u00e4yt\u00e4nn\u00f6n esimerkkej\u00e4 julkisten tilojen kalusteiden kunnostamisesta isommassa mittakaavassa sek\u00e4 keskustellaan siit\u00e4, millaisia edellytyksi\u00e4 on talotekniikkaosien ja -j\u00e4rjestelmien laajemmalle uudelleenk\u00e4yt\u00f6lle.<\/p>\n","protected":false},"excerpt":{"rendered":"<p>Designkaluste-tiimimme Anna Laitala, Juho Nieminen ja Timo Kaivonen kertoivat torstaina 22.8.2024 Helsingin kiertotalousklusterin aamukahvitilaisuudessa elinkaaripalveluistamme ja siit\u00e4, miten erilaisilla huoltotoimenpitell\u00e4 on mahdollista pident\u00e4\u00e4 julkitilakalusteiden elinkaarta. Piiroisen sek\u00e4 talotekniikan kiertotalousosaajien, Granlundin ja nolla_E:n, puheenvuorot her\u00e4ttiv\u00e4t paljon hyvi\u00e4 kysymyksi\u00e4 ja keskustelua kiertotalouden toteuttamisen toimintatavoista ja niiden kehitt\u00e4misest\u00e4 tulevaisuudessa. Kiitos kiertotalousklusterin Mira, Mette ja Eeva kutsusta puhumaan! \u2013&hellip;<\/p>\n","protected":false},"author":2,"featured_media":11926,"comment_status":"closed","ping_status":"closed","sticky":false,"template":"","format":"standard","meta":{"footnotes":""},"categories":[143,135],"tags":[],"class_list":["post-11925","post","type-post","status-publish","format-standard","has-post-thumbnail","hentry","category-designkalusteet","category-elinkaaripalvelut","category-143","category-135","description-off"],"yoast_head":"<!-- This site is optimized with the Yoast SEO plugin v21.4 - https:\/\/yoast.com\/wordpress\/plugins\/seo\/ -->\n<title>Inspiroivaa keskustelua Helsingin kiertotalous&shy;klusterissa! - Piiroinen<\/title>\n<meta name=\"robots\" content=\"index, follow, max-snippet:-1, max-image-preview:large, max-video-preview:-1\" \/>\n<link rel=\"canonical\" href=\"https:\/\/www.piiroinen.com\/fi\/inspiroivaa-keskustelua-helsingin-kiertotalousklusterissa\/\" \/>\n<meta property=\"og:locale\" content=\"fi_FI\" \/>\n<meta property=\"og:type\" content=\"article\" \/>\n<meta property=\"og:title\" content=\"Inspiroivaa keskustelua Helsingin kiertotalous&shy;klusterissa! - Piiroinen\" \/>\n<meta property=\"og:description\" content=\"Designkaluste-tiimimme Anna Laitala, Juho Nieminen ja Timo Kaivonen kertoivat torstaina 22.8.2024 Helsingin kiertotalousklusterin aamukahvitilaisuudessa elinkaaripalveluistamme ja siit\u00e4, miten erilaisilla huoltotoimenpitell\u00e4 on mahdollista pident\u00e4\u00e4 julkitilakalusteiden elinkaarta. Piiroisen sek\u00e4 talotekniikan kiertotalousosaajien, Granlundin ja nolla_E:n, puheenvuorot her\u00e4ttiv\u00e4t paljon hyvi\u00e4 kysymyksi\u00e4 ja keskustelua kiertotalouden toteuttamisen toimintatavoista ja niiden kehitt\u00e4misest\u00e4 tulevaisuudessa. Kiitos kiertotalousklusterin Mira, Mette ja Eeva kutsusta puhumaan! \u2013&hellip;\" \/>\n<meta property=\"og:url\" content=\"https:\/\/www.piiroinen.com\/fi\/inspiroivaa-keskustelua-helsingin-kiertotalousklusterissa\/\" \/>\n<meta property=\"og:site_name\" content=\"Piiroinen\" \/>\n<meta property=\"article:published_time\" content=\"2024-08-23T07:09:58+00:00\" \/>\n<meta property=\"article:modified_time\" content=\"2024-09-02T07:19:47+00:00\" \/>\n<meta property=\"og:image\" content=\"https:\/\/www.piiroinen.com\/wp-content\/uploads\/Kiertotalousklus_240822-scaled.jpg\" \/>\n\t<meta property=\"og:image:width\" content=\"2560\" \/>\n\t<meta property=\"og:image:height\" content=\"1707\" \/>\n\t<meta property=\"og:image:type\" content=\"image\/jpeg\" \/>\n<meta name=\"author\" content=\"Vilma\" \/>\n<meta name=\"twitter:card\" content=\"summary_large_image\" \/>\n<meta name=\"twitter:label1\" content=\"Kirjoittanut\" \/>\n\t<meta name=\"twitter:data1\" content=\"Vilma\" \/>\n\t<meta name=\"twitter:label2\" content=\"Arvioitu lukuaika\" \/>\n\t<meta name=\"twitter:data2\" content=\"1 minuutti\" \/>\n<script type=\"application\/ld+json\" class=\"yoast-schema-graph\">{\"@context\":\"https:\/\/schema.org\",\"@graph\":[{\"@type\":\"WebPage\",\"@id\":\"https:\/\/www.piiroinen.com\/fi\/inspiroivaa-keskustelua-helsingin-kiertotalousklusterissa\/\",\"url\":\"https:\/\/www.piiroinen.com\/fi\/inspiroivaa-keskustelua-helsingin-kiertotalousklusterissa\/\",\"name\":\"Inspiroivaa keskustelua Helsingin kiertotalous&shy;klusterissa! - Piiroinen\",\"isPartOf\":{\"@id\":\"https:\/\/www.piiroinen.com\/#website\"},\"datePublished\":\"2024-08-23T07:09:58+00:00\",\"dateModified\":\"2024-09-02T07:19:47+00:00\",\"author\":{\"@id\":\"https:\/\/www.piiroinen.com\/#\/schema\/person\/a50f2a584004fc7a8c879d795e9a8ad8\"},\"breadcrumb\":{\"@id\":\"https:\/\/www.piiroinen.com\/fi\/inspiroivaa-keskustelua-helsingin-kiertotalousklusterissa\/#breadcrumb\"},\"inLanguage\":\"fi\",\"potentialAction\":[{\"@type\":\"ReadAction\",\"target\":[\"https:\/\/www.piiroinen.com\/fi\/inspiroivaa-keskustelua-helsingin-kiertotalousklusterissa\/\"]}]},{\"@type\":\"BreadcrumbList\",\"@id\":\"https:\/\/www.piiroinen.com\/fi\/inspiroivaa-keskustelua-helsingin-kiertotalousklusterissa\/#breadcrumb\",\"itemListElement\":[{\"@type\":\"ListItem\",\"position\":1,\"name\":\"Home\",\"item\":\"https:\/\/www.piiroinen.com\/\"},{\"@type\":\"ListItem\",\"position\":2,\"name\":\"Inspiroivaa keskustelua Helsingin kiertotalous&shy;klusterissa!\"}]},{\"@type\":\"WebSite\",\"@id\":\"https:\/\/www.piiroinen.com\/#website\",\"url\":\"https:\/\/www.piiroinen.com\/\",\"name\":\"Piiroinen\",\"description\":\"Sustainable and well-functioning furniture, venues, components and repair service\",\"potentialAction\":[{\"@type\":\"SearchAction\",\"target\":{\"@type\":\"EntryPoint\",\"urlTemplate\":\"https:\/\/www.piiroinen.com\/?s={search_term_string}\"},\"query-input\":\"required name=search_term_string\"}],\"inLanguage\":\"fi\"},{\"@type\":\"Person\",\"@id\":\"https:\/\/www.piiroinen.com\/#\/schema\/person\/a50f2a584004fc7a8c879d795e9a8ad8\",\"name\":\"Vilma\",\"url\":\"https:\/\/www.piiroinen.com\/fi\/author\/vilma\/\"}]}<\/script>\n<!-- \/ Yoast SEO plugin. -->","yoast_head_json":{"title":"Inspiroivaa keskustelua Helsingin kiertotalous&shy;klusterissa! - Piiroinen","robots":{"index":"index","follow":"follow","max-snippet":"max-snippet:-1","max-image-preview":"max-image-preview:large","max-video-preview":"max-video-preview:-1"},"canonical":"https:\/\/www.piiroinen.com\/fi\/inspiroivaa-keskustelua-helsingin-kiertotalousklusterissa\/","og_locale":"fi_FI","og_type":"article","og_title":"Inspiroivaa keskustelua Helsingin kiertotalous&shy;klusterissa! - Piiroinen","og_description":"Designkaluste-tiimimme Anna Laitala, Juho Nieminen ja Timo Kaivonen kertoivat torstaina 22.8.2024 Helsingin kiertotalousklusterin aamukahvitilaisuudessa elinkaaripalveluistamme ja siit\u00e4, miten erilaisilla huoltotoimenpitell\u00e4 on mahdollista pident\u00e4\u00e4 julkitilakalusteiden elinkaarta. Piiroisen sek\u00e4 talotekniikan kiertotalousosaajien, Granlundin ja nolla_E:n, puheenvuorot her\u00e4ttiv\u00e4t paljon hyvi\u00e4 kysymyksi\u00e4 ja keskustelua kiertotalouden toteuttamisen toimintatavoista ja niiden kehitt\u00e4misest\u00e4 tulevaisuudessa. Kiitos kiertotalousklusterin Mira, Mette ja Eeva kutsusta puhumaan! \u2013&hellip;","og_url":"https:\/\/www.piiroinen.com\/fi\/inspiroivaa-keskustelua-helsingin-kiertotalousklusterissa\/","og_site_name":"Piiroinen","article_published_time":"2024-08-23T07:09:58+00:00","article_modified_time":"2024-09-02T07:19:47+00:00","og_image":[{"width":2560,"height":1707,"url":"https:\/\/www.piiroinen.com\/wp-content\/uploads\/Kiertotalousklus_240822-scaled.jpg","type":"image\/jpeg"}],"author":"Vilma","twitter_card":"summary_large_image","twitter_misc":{"Kirjoittanut":"Vilma","Arvioitu lukuaika":"1 minuutti"},"schema":{"@context":"https:\/\/schema.org","@graph":[{"@type":"WebPage","@id":"https:\/\/www.piiroinen.com\/fi\/inspiroivaa-keskustelua-helsingin-kiertotalousklusterissa\/","url":"https:\/\/www.piiroinen.com\/fi\/inspiroivaa-keskustelua-helsingin-kiertotalousklusterissa\/","name":"Inspiroivaa keskustelua Helsingin kiertotalous&shy;klusterissa! - Piiroinen","isPartOf":{"@id":"https:\/\/www.piiroinen.com\/#website"},"datePublished":"2024-08-23T07:09:58+00:00","dateModified":"2024-09-02T07:19:47+00:00","author":{"@id":"https:\/\/www.piiroinen.com\/#\/schema\/person\/a50f2a584004fc7a8c879d795e9a8ad8"},"breadcrumb":{"@id":"https:\/\/www.piiroinen.com\/fi\/inspiroivaa-keskustelua-helsingin-kiertotalousklusterissa\/#breadcrumb"},"inLanguage":"fi","potentialAction":[{"@type":"ReadAction","target":["https:\/\/www.piiroinen.com\/fi\/inspiroivaa-keskustelua-helsingin-kiertotalousklusterissa\/"]}]},{"@type":"BreadcrumbList","@id":"https:\/\/www.piiroinen.com\/fi\/inspiroivaa-keskustelua-helsingin-kiertotalousklusterissa\/#breadcrumb","itemListElement":[{"@type":"ListItem","position":1,"name":"Home","item":"https:\/\/www.piiroinen.com\/"},{"@type":"ListItem","position":2,"name":"Inspiroivaa keskustelua Helsingin kiertotalous&shy;klusterissa!"}]},{"@type":"WebSite","@id":"https:\/\/www.piiroinen.com\/#website","url":"https:\/\/www.piiroinen.com\/","name":"Piiroinen","description":"Sustainable and well-functioning furniture, venues, components and repair service","potentialAction":[{"@type":"SearchAction","target":{"@type":"EntryPoint","urlTemplate":"https:\/\/www.piiroinen.com\/?s={search_term_string}"},"query-input":"required name=search_term_string"}],"inLanguage":"fi"},{"@type":"Person","@id":"https:\/\/www.piiroinen.com\/#\/schema\/person\/a50f2a584004fc7a8c879d795e9a8ad8","name":"Vilma","url":"https:\/\/www.piiroinen.com\/fi\/author\/vilma\/"}]}},"_links":{"self":[{"href":"https:\/\/www.piiroinen.com\/fi\/wp-json\/wp\/v2\/posts\/11925","targetHints":{"allow":["GET"]}}],"collection":[{"href":"https:\/\/www.piiroinen.com\/fi\/wp-json\/wp\/v2\/posts"}],"about":[{"href":"https:\/\/www.piiroinen.com\/fi\/wp-json\/wp\/v2\/types\/post"}],"author":[{"embeddable":true,"href":"https:\/\/www.piiroinen.com\/fi\/wp-json\/wp\/v2\/users\/2"}],"replies":[{"embeddable":true,"href":"https:\/\/www.piiroinen.com\/fi\/wp-json\/wp\/v2\/comments?post=11925"}],"version-history":[{"count":2,"href":"https:\/\/www.piiroinen.com\/fi\/wp-json\/wp\/v2\/posts\/11925\/revisions"}],"predecessor-version":[{"id":11929,"href":"https:\/\/www.piiroinen.com\/fi\/wp-json\/wp\/v2\/posts\/11925\/revisions\/11929"}],"wp:featuredmedia":[{"embeddable":true,"href":"https:\/\/www.piiroinen.com\/fi\/wp-json\/wp\/v2\/media\/11926"}],"wp:attachment":[{"href":"https:\/\/www.piiroinen.com\/fi\/wp-json\/wp\/v2\/media?parent=11925"}],"wp:term":[{"taxonomy":"category","embeddable":true,"href":"https:\/\/www.piiroinen.com\/fi\/wp-json\/wp\/v2\/categories?post=11925"},{"taxonomy":"post_tag","embeddable":true,"href":"https:\/\/www.piiroinen.com\/fi\/wp-json\/wp\/v2\/tags?post=11925"}],"curies":[{"name":"wp","href":"https:\/\/api.w.org\/{rel}","templated":true}]}}