{"id":13965,"date":"2025-03-10T10:45:05","date_gmt":"2025-03-10T07:45:05","guid":{"rendered":"https:\/\/www.piiroinen.com\/?p=13965"},"modified":"2025-03-10T10:48:24","modified_gmt":"2025-03-10T07:48:24","slug":"elinkaaripalveluiden-asiantuntijuus-asenne-ja-ratkaisukeskeisyys","status":"publish","type":"post","link":"https:\/\/www.piiroinen.com\/fi\/elinkaaripalveluiden-asiantuntijuus-asenne-ja-ratkaisukeskeisyys\/","title":{"rendered":"Elinkaari&shy;palveluiden asiantuntijuus, asenne ja ratkaisu&shy;keskeisyys"},"content":{"rendered":"<p>[vc_row][vc_column][vc_single_image image=&#8221;13971&#8243; img_size=&#8221;large&#8221; add_caption=&#8221;yes&#8221;][vc_row_inner equal_height=&#8221;yes&#8221; content_placement=&#8221;bottom&#8221; gap=&#8221;35&#8243; css=&#8221;.vc_custom_1650534633690{padding-top: 0px !important;}&#8221; el_class=&#8221;blogikirjoittaja&#8221;][vc_column_inner width=&#8221;1\/5&#8243;][vc_single_image image=&#8221;2368&#8243; img_size=&#8221;large&#8221; style=&#8221;vc_box_circle_2&#8243; el_class=&#8221;blogikirjoittaja-kuva&#8221;][\/vc_column_inner][vc_column_inner width=&#8221;4\/5&#8243;][vc_column_text]<\/p>\n<h3>Kirjoittaja<\/h3>\n<p><strong>Timo Kaivonen<\/strong><br \/>\nLiiketoimintajohtaja, designkalusteet, auditoriot ja elinkaaripalvelut[\/vc_column_text][\/vc_column_inner][\/vc_row_inner][vc_separator][vc_column_text]<\/p>\n<p class=\"inkku\">Elinkaaripalvelu-aiheisissa blogeissamme olen t\u00e4h\u00e4n menness\u00e4 k\u00e4sitellyt olennaisimpia syit\u00e4 toiminnallemme \u2013 <em><a href=\"https:\/\/www.piiroinen.com\/fi\/kestava-kehitys-on-tarkein-syy-elinkaaripalveluille\/\">kest\u00e4v\u00e4 kehitys<\/a>, <a href=\"https:\/\/www.piiroinen.com\/fi\/elinkaaripalvelut-tarjoavat-kustannussaastoja\/\">kustannuss\u00e4\u00e4st\u00f6t<\/a> ja <a href=\"https:\/\/www.piiroinen.com\/fi\/elinkaaripalveluilla-parannetaan-kayttajakokemusta\/\">k\u00e4ytt\u00e4j\u00e4kokemus<\/a><\/em>. Lis\u00e4ksi asiakkuusp\u00e4\u00e4llikk\u00f6mme Anna ja Juho ovat kertoneet, mit\u00e4 ratkaisukeskeinen toimintatapamme tarkoittaa hankkeita konkreettisesti tehdess\u00e4mme.<\/p>\n<p class=\"inkku\">Katson t\u00e4ss\u00e4 postauksessa viime vuosina oppimaamme hieman helikopteriperspektiivist\u00e4. Tiivist\u00e4n ajatukseni j\u00e4lleen kolmeen teemaan: <strong>asiantuntijuus<\/strong>, <strong>asenne<\/strong> ja edell\u00e4 mainittu <strong>ratkaisukeskeisyys<\/strong>.<\/p>\n<p>[\/vc_column_text][vc_column_text]<\/p>\n<h2>1. Asiantuntijuus<\/h2>\n<p>Aina ostajan ja myyj\u00e4n kohdatessa osapuolet ovat asiantuntijoita roolistaan k\u00e4sin. Asiakkaamme ovat oman nykytilanteensa ja tulevaisuuden tavoitteidensa asiantuntija ja me puolestaan olemme palvelukonseptimme asiantuntija. Asiantuntijuutta voisi tarkastella lukuisten n\u00e4k\u00f6kulmien kautta. T\u00e4ss\u00e4 nostan esille yhden, jonka olen huomannut korostuvan juuri elinkaaripalvelujen kohdalla.<\/p>\n<p>Koska elinkaaripalvelut ovat suhteellisen uutta toimintaa kokonaisuudessaan, asiantuntijuus on mit\u00e4 suuremmassa m\u00e4\u00e4rin koko ajan nopeasti kehittyv\u00e4\u00e4 p\u00f6yd\u00e4n molemmin puolin. Me Piiroisella kehitymme koko ajan, ja samoin asiakkaamme. Isossa kuvassa yksi kaikkia yhdist\u00e4v\u00e4 tekij\u00e4 on <em>kiertotalous<\/em> ajattelumallina, mutta millaisin tavoittein ja niist\u00e4 johdettujen konkreettisten toimintamallien kautta itse kukin pyrkii ja onnistuu kiertotaloutta toteuttamaan, vaihtelee jo suuresti.<\/p>\n<p>Koska asiantuntijuus kehittyy koko ajan nopeasti, varsinaisten tietojen ja taitojen lis\u00e4ksi pid\u00e4n todella t\u00e4rke\u00e4n\u00e4 ajatusmallien joustavuutta, ja heti per\u00e4\u00e4n nopeutta kokeilla uusia konkreettisia toimintamalleja. T\u00e4ss\u00e4 tarvitaan ennakkoluulottomuutta, rohkeutta ja paljon muutakin. Kutsun t\u00e4t\u00e4 kaikkea asenteeksi.[\/vc_column_text][vc_column_text]<\/p>\n<h2>2. Asenne<\/h2>\n<p>Kaikissa viime vuosien erityisen upeissa ja onnistuneissa hankkeissamme on samankaltaisuuksia asenteen osalta. Alla oleva lista syntyi etenkin asiakkaitamme miettien, mutta toki k\u00e4\u00e4nt\u00e4en n\u00e4it\u00e4 ominaisuuksia on vaadittu my\u00f6s meilt\u00e4 palvelujen toteuttajana.<\/p>\n<ul>\n<li><strong>N\u00e4kemys vastuullisuuden t\u00e4rkeydest\u00e4 isossa kuvassa<\/strong><\/li>\n<li><strong>Rohkeus uusien toimintamallien kokeilemiseen<\/strong><\/li>\n<li><strong>P\u00e4\u00e4tt\u00e4v\u00e4isyys eteenp\u00e4in viemisess\u00e4<\/strong> hankkeen alussa ja saman p\u00e4\u00e4tt\u00e4v\u00e4isyyden vaaliminen hankkeen aikana<\/li>\n<li><strong>Ei min\u00e4 yksin, vaan me yhdess\u00e4<\/strong> \u2013 elinkaaripalveluhankkeet tyypillisesti edellytt\u00e4v\u00e4t hyvin monen eri henkil\u00f6n yhteisty\u00f6t\u00e4 niin asiakkaamme kuin meid\u00e4nkin organisaatiossamme<\/li>\n<li><strong>Uskallus kertoa my\u00f6s asioista, joita en\/emme viel\u00e4 t\u00e4ysin osaa<\/strong>, mutta pid\u00e4mme t\u00e4rke\u00e4n\u00e4. Ja ett\u00e4 opettelemme n\u00e4it\u00e4 koko ajan.<\/li>\n<li><strong>Kyky tehd\u00e4 kompromisseja<\/strong> \u2013 elinkaaripalveluhankkeissa l\u00e4ht\u00f6tilanne m\u00e4\u00e4ritt\u00e4\u00e4 reunaehtoja, joten hankkeet voivat olla tasapainoilua usean eri n\u00e4k\u00f6kulman v\u00e4lill\u00e4<\/li>\n<li><strong>Reiluus ja luottamus kaikkien hankkeeseen osallistuvien kesken<\/strong> \u2013 yhdess\u00e4 tavoitellaan parasta mahdollista lopputulosta, mutta aivan kaiken ei tarvitse olla ennalta sovittuna vaan opimme yhdess\u00e4 ja yhdess\u00e4 jaamme hy\u00f6dyt<\/li>\n<li><strong>Halu oppia tehdyst\u00e4 ja toistaa uudelleen<\/strong><\/li>\n<\/ul>\n<p>[\/vc_column_text][vc_column_text]<\/p>\n<h2>3. Ratkaisukeskeisyys<\/h2>\n<p>Ajattelen, ett\u00e4 lopulta ratkaisukeskeisyys yhdist\u00e4\u00e4 asiantuntijuuden ja asenteen.<\/p>\n<p>Ratkaisukeskeisyytt\u00e4 on konkreettisesti toimeen tarttuminen ja hankkeen aikana ennalta sovitun toteuttaminen sek\u00e4 mahdollisten yll\u00e4tt\u00e4vienkin tilanteiden ratkaiseminen parhaan mahdollisen tiedon ja taidon avulla. Lis\u00e4ksi ratkaisukeskeisyytt\u00e4 on oikeanlainen kommunikointityyli, kuten Anna <a href=\"https:\/\/www.piiroinen.com\/fi\/elinkaaripalveluiden-keskiossa-avoin-ja-ratkaisukeskeinen-toimintatapa\/\">aiemmassa blogiartikkelissa<\/a> totesi:<\/p>\n<blockquote><p><em>\u201dMit\u00e4 perusteellisemmin projektin alkukartoitus tehd\u00e4\u00e4n ja huollettavaan kalustekantaan tutustutaan, sit\u00e4 paremmin onnistutaan tarjoamaan suoraan oikeat ratkaisut. Yll\u00e4tyksi\u00e4 voi siltikin tulla vastaan ja t\u00e4ll\u00f6in selke\u00e4 sek\u00e4 ratkaisukeskeinen kommunikointi nousee avainasemaan, jotta onnistunut lopputulos saavutetaan.\u201d<\/em><\/p><\/blockquote>\n<p>Ilman konkreettista tekemist\u00e4 ei ole lopulta mit\u00e4\u00e4n. Toisaalta konkreettista tekemist\u00e4 voi tukea jo etuk\u00e4teen parhailla opeilla ja tiedoilla (teoriallakin), ja tekemisell\u00e4 oppimisen tulee johtaa j\u00e4lleen uuteen p\u00e4ivittyv\u00e4\u00e4n tietoon. N\u00e4enkin, ett\u00e4 meid\u00e4n on Piiroisella mahdollista ottaa yh\u00e4 merkitt\u00e4v\u00e4mpi rooli elinkaaripalvelujen toteuttajana, koska monipuolisena teollisena valmistajana olemme jo l\u00e4ht\u00f6kohdaltamme ratkaisukeskeinen ja olemme ennen kaikkea tekij\u00e4.[\/vc_column_text][vc_row_inner][vc_column_inner][vc_column_text]<\/p>\n<h2>Kysy lis\u00e4\u00e4 elinkaaripalveluista!<\/h2>\n<p class=\"inkku\">Asiantuntijamme ovat valmiina auttamaan:<\/p>\n<p>[\/vc_column_text][\/vc_column_inner][vc_column_inner width=&#8221;1\/3&#8243;][vc_single_image image=&#8221;7026&#8243; img_size=&#8221;medium&#8221;][vc_column_text]<\/p>\n<h3>ANNA LAITALA<\/h3>\n<p class=\"inkku\">Asiakkuusp\u00e4\u00e4llikk\u00f6<\/p>\n<p><strong>Designkalusteet<\/strong><\/p>\n<p><a href=\"mailto:anna.laitala@piiroinen.com\">anna.laitala@piiroinen.com<\/a><br \/>\n<a href=\"tel:+358444938866\">+358 44 493 8866<\/a>[\/vc_column_text][\/vc_column_inner][vc_column_inner width=&#8221;1\/3&#8243;][vc_single_image image=&#8221;10103&#8243; img_size=&#8221;medium&#8221;][vc_column_text]<\/p>\n<h3>JUHO NIEMINEN<\/h3>\n<p class=\"inkku\">Asiakkuusp\u00e4\u00e4llikk\u00f6<\/p>\n<p><strong>Designkalusteet &amp; auditoriot<\/strong><\/p>\n<p><a href=\"mailto:juho.nieminen@piiroinen.com\">juho.nieminen@piiroinen.com<\/a><br \/>\n<a href=\"tel:+358442442358\">+358 44 244 2358<\/a>[\/vc_column_text][\/vc_column_inner][vc_column_inner width=&#8221;1\/3&#8243;][vc_single_image image=&#8221;2047&#8243; img_size=&#8221;medium&#8221;][vc_column_text]<\/p>\n<h3>TIMO KAIVONEN<\/h3>\n<p class=\"inkku\">Liiketoimintajohtaja<\/p>\n<p><strong>Designkalusteet &amp; auditoriot<\/strong><\/p>\n<p><a href=\"mailto:timo.kaivonen@piiroinen.com\">timo.kaivonen@piiroinen.com<\/a><br \/>\n<a href=\"tel:+358443362995\">+358 44 336 2995<\/a>[\/vc_column_text][\/vc_column_inner][\/vc_row_inner][\/vc_column][\/vc_row]<\/p>\n","protected":false},"excerpt":{"rendered":"<p>[vc_row][vc_column][vc_single_image image=&#8221;13971&#8243; img_size=&#8221;large&#8221; add_caption=&#8221;yes&#8221;][vc_row_inner equal_height=&#8221;yes&#8221; content_placement=&#8221;bottom&#8221; gap=&#8221;35&#8243; css=&#8221;.vc_custom_1650534633690{padding-top: 0px !important;}&#8221; el_class=&#8221;blogikirjoittaja&#8221;][vc_column_inner width=&#8221;1\/5&#8243;][vc_single_image image=&#8221;2368&#8243; img_size=&#8221;large&#8221; style=&#8221;vc_box_circle_2&#8243; el_class=&#8221;blogikirjoittaja-kuva&#8221;][\/vc_column_inner][vc_column_inner width=&#8221;4\/5&#8243;][vc_column_text] Kirjoittaja Timo Kaivonen Liiketoimintajohtaja, designkalusteet, auditoriot ja elinkaaripalvelut[\/vc_column_text][\/vc_column_inner][\/vc_row_inner][vc_separator][vc_column_text] Elinkaaripalvelu-aiheisissa blogeissamme olen t\u00e4h\u00e4n menness\u00e4 k\u00e4sitellyt olennaisimpia syit\u00e4 toiminnallemme \u2013 kest\u00e4v\u00e4 kehitys, kustannuss\u00e4\u00e4st\u00f6t ja k\u00e4ytt\u00e4j\u00e4kokemus. Lis\u00e4ksi asiakkuusp\u00e4\u00e4llikk\u00f6mme Anna ja Juho ovat kertoneet, mit\u00e4 ratkaisukeskeinen toimintatapamme tarkoittaa hankkeita konkreettisesti tehdess\u00e4mme. Katson&hellip;<\/p>\n","protected":false},"author":2,"featured_media":13971,"comment_status":"closed","ping_status":"closed","sticky":false,"template":"","format":"standard","meta":{"footnotes":""},"categories":[143,135],"tags":[],"class_list":["post-13965","post","type-post","status-publish","format-standard","has-post-thumbnail","hentry","category-designkalusteet","category-elinkaaripalvelut","category-143","category-135","description-off"],"yoast_head":"<!-- This site is optimized with the Yoast SEO plugin v21.4 - https:\/\/yoast.com\/wordpress\/plugins\/seo\/ -->\n<title>Elinkaari&shy;palveluiden asiantuntijuus, asenne ja ratkaisu&shy;keskeisyys - Piiroinen<\/title>\n<meta name=\"robots\" content=\"index, follow, max-snippet:-1, max-image-preview:large, max-video-preview:-1\" \/>\n<link rel=\"canonical\" href=\"https:\/\/www.piiroinen.com\/fi\/elinkaaripalveluiden-asiantuntijuus-asenne-ja-ratkaisukeskeisyys\/\" \/>\n<meta property=\"og:locale\" content=\"fi_FI\" \/>\n<meta property=\"og:type\" content=\"article\" \/>\n<meta property=\"og:title\" content=\"Elinkaari&shy;palveluiden asiantuntijuus, asenne ja ratkaisu&shy;keskeisyys - Piiroinen\" \/>\n<meta property=\"og:description\" content=\"[vc_row][vc_column][vc_single_image image=&#8221;13971&#8243; img_size=&#8221;large&#8221; add_caption=&#8221;yes&#8221;][vc_row_inner equal_height=&#8221;yes&#8221; content_placement=&#8221;bottom&#8221; gap=&#8221;35&#8243; css=&#8221;.vc_custom_1650534633690{padding-top: 0px !important;}&#8221; el_class=&#8221;blogikirjoittaja&#8221;][vc_column_inner width=&#8221;1\/5&#8243;][vc_single_image image=&#8221;2368&#8243; img_size=&#8221;large&#8221; style=&#8221;vc_box_circle_2&#8243; el_class=&#8221;blogikirjoittaja-kuva&#8221;][\/vc_column_inner][vc_column_inner width=&#8221;4\/5&#8243;][vc_column_text] Kirjoittaja Timo Kaivonen Liiketoimintajohtaja, designkalusteet, auditoriot ja elinkaaripalvelut[\/vc_column_text][\/vc_column_inner][\/vc_row_inner][vc_separator][vc_column_text] Elinkaaripalvelu-aiheisissa blogeissamme olen t\u00e4h\u00e4n menness\u00e4 k\u00e4sitellyt olennaisimpia syit\u00e4 toiminnallemme \u2013 kest\u00e4v\u00e4 kehitys, kustannuss\u00e4\u00e4st\u00f6t ja k\u00e4ytt\u00e4j\u00e4kokemus. Lis\u00e4ksi asiakkuusp\u00e4\u00e4llikk\u00f6mme Anna ja Juho ovat kertoneet, mit\u00e4 ratkaisukeskeinen toimintatapamme tarkoittaa hankkeita konkreettisesti tehdess\u00e4mme. Katson&hellip;\" \/>\n<meta property=\"og:url\" content=\"https:\/\/www.piiroinen.com\/fi\/elinkaaripalveluiden-asiantuntijuus-asenne-ja-ratkaisukeskeisyys\/\" \/>\n<meta property=\"og:site_name\" content=\"Piiroinen\" \/>\n<meta property=\"article:published_time\" content=\"2025-03-10T07:45:05+00:00\" \/>\n<meta property=\"article:modified_time\" content=\"2025-03-10T07:48:24+00:00\" \/>\n<meta property=\"og:image\" content=\"https:\/\/www.piiroinen.com\/wp-content\/uploads\/BKR_9765_LOWRES-kopio.jpg\" \/>\n\t<meta property=\"og:image:width\" content=\"1080\" \/>\n\t<meta property=\"og:image:height\" content=\"720\" \/>\n\t<meta property=\"og:image:type\" content=\"image\/jpeg\" \/>\n<meta name=\"author\" content=\"Vilma\" \/>\n<meta name=\"twitter:card\" content=\"summary_large_image\" \/>\n<meta name=\"twitter:label1\" content=\"Kirjoittanut\" \/>\n\t<meta name=\"twitter:data1\" content=\"Vilma\" \/>\n\t<meta name=\"twitter:label2\" content=\"Arvioitu lukuaika\" \/>\n\t<meta name=\"twitter:data2\" content=\"3 minuuttia\" \/>\n<script type=\"application\/ld+json\" class=\"yoast-schema-graph\">{\"@context\":\"https:\/\/schema.org\",\"@graph\":[{\"@type\":\"WebPage\",\"@id\":\"https:\/\/www.piiroinen.com\/fi\/elinkaaripalveluiden-asiantuntijuus-asenne-ja-ratkaisukeskeisyys\/\",\"url\":\"https:\/\/www.piiroinen.com\/fi\/elinkaaripalveluiden-asiantuntijuus-asenne-ja-ratkaisukeskeisyys\/\",\"name\":\"Elinkaari&shy;palveluiden asiantuntijuus, asenne ja ratkaisu&shy;keskeisyys - Piiroinen\",\"isPartOf\":{\"@id\":\"https:\/\/www.piiroinen.com\/#website\"},\"datePublished\":\"2025-03-10T07:45:05+00:00\",\"dateModified\":\"2025-03-10T07:48:24+00:00\",\"author\":{\"@id\":\"https:\/\/www.piiroinen.com\/#\/schema\/person\/a50f2a584004fc7a8c879d795e9a8ad8\"},\"breadcrumb\":{\"@id\":\"https:\/\/www.piiroinen.com\/fi\/elinkaaripalveluiden-asiantuntijuus-asenne-ja-ratkaisukeskeisyys\/#breadcrumb\"},\"inLanguage\":\"fi\",\"potentialAction\":[{\"@type\":\"ReadAction\",\"target\":[\"https:\/\/www.piiroinen.com\/fi\/elinkaaripalveluiden-asiantuntijuus-asenne-ja-ratkaisukeskeisyys\/\"]}]},{\"@type\":\"BreadcrumbList\",\"@id\":\"https:\/\/www.piiroinen.com\/fi\/elinkaaripalveluiden-asiantuntijuus-asenne-ja-ratkaisukeskeisyys\/#breadcrumb\",\"itemListElement\":[{\"@type\":\"ListItem\",\"position\":1,\"name\":\"Home\",\"item\":\"https:\/\/www.piiroinen.com\/\"},{\"@type\":\"ListItem\",\"position\":2,\"name\":\"Elinkaari&shy;palveluiden asiantuntijuus, asenne ja ratkaisu&shy;keskeisyys\"}]},{\"@type\":\"WebSite\",\"@id\":\"https:\/\/www.piiroinen.com\/#website\",\"url\":\"https:\/\/www.piiroinen.com\/\",\"name\":\"Piiroinen\",\"description\":\"Sustainable and well-functioning furniture, venues, components and repair service\",\"potentialAction\":[{\"@type\":\"SearchAction\",\"target\":{\"@type\":\"EntryPoint\",\"urlTemplate\":\"https:\/\/www.piiroinen.com\/?s={search_term_string}\"},\"query-input\":\"required name=search_term_string\"}],\"inLanguage\":\"fi\"},{\"@type\":\"Person\",\"@id\":\"https:\/\/www.piiroinen.com\/#\/schema\/person\/a50f2a584004fc7a8c879d795e9a8ad8\",\"name\":\"Vilma\",\"url\":\"https:\/\/www.piiroinen.com\/fi\/author\/vilma\/\"}]}<\/script>\n<!-- \/ Yoast SEO plugin. -->","yoast_head_json":{"title":"Elinkaari&shy;palveluiden asiantuntijuus, asenne ja ratkaisu&shy;keskeisyys - Piiroinen","robots":{"index":"index","follow":"follow","max-snippet":"max-snippet:-1","max-image-preview":"max-image-preview:large","max-video-preview":"max-video-preview:-1"},"canonical":"https:\/\/www.piiroinen.com\/fi\/elinkaaripalveluiden-asiantuntijuus-asenne-ja-ratkaisukeskeisyys\/","og_locale":"fi_FI","og_type":"article","og_title":"Elinkaari&shy;palveluiden asiantuntijuus, asenne ja ratkaisu&shy;keskeisyys - Piiroinen","og_description":"[vc_row][vc_column][vc_single_image image=&#8221;13971&#8243; img_size=&#8221;large&#8221; add_caption=&#8221;yes&#8221;][vc_row_inner equal_height=&#8221;yes&#8221; content_placement=&#8221;bottom&#8221; gap=&#8221;35&#8243; css=&#8221;.vc_custom_1650534633690{padding-top: 0px !important;}&#8221; el_class=&#8221;blogikirjoittaja&#8221;][vc_column_inner width=&#8221;1\/5&#8243;][vc_single_image image=&#8221;2368&#8243; img_size=&#8221;large&#8221; style=&#8221;vc_box_circle_2&#8243; el_class=&#8221;blogikirjoittaja-kuva&#8221;][\/vc_column_inner][vc_column_inner width=&#8221;4\/5&#8243;][vc_column_text] Kirjoittaja Timo Kaivonen Liiketoimintajohtaja, designkalusteet, auditoriot ja elinkaaripalvelut[\/vc_column_text][\/vc_column_inner][\/vc_row_inner][vc_separator][vc_column_text] Elinkaaripalvelu-aiheisissa blogeissamme olen t\u00e4h\u00e4n menness\u00e4 k\u00e4sitellyt olennaisimpia syit\u00e4 toiminnallemme \u2013 kest\u00e4v\u00e4 kehitys, kustannuss\u00e4\u00e4st\u00f6t ja k\u00e4ytt\u00e4j\u00e4kokemus. Lis\u00e4ksi asiakkuusp\u00e4\u00e4llikk\u00f6mme Anna ja Juho ovat kertoneet, mit\u00e4 ratkaisukeskeinen toimintatapamme tarkoittaa hankkeita konkreettisesti tehdess\u00e4mme. Katson&hellip;","og_url":"https:\/\/www.piiroinen.com\/fi\/elinkaaripalveluiden-asiantuntijuus-asenne-ja-ratkaisukeskeisyys\/","og_site_name":"Piiroinen","article_published_time":"2025-03-10T07:45:05+00:00","article_modified_time":"2025-03-10T07:48:24+00:00","og_image":[{"width":1080,"height":720,"url":"https:\/\/www.piiroinen.com\/wp-content\/uploads\/BKR_9765_LOWRES-kopio.jpg","type":"image\/jpeg"}],"author":"Vilma","twitter_card":"summary_large_image","twitter_misc":{"Kirjoittanut":"Vilma","Arvioitu lukuaika":"3 minuuttia"},"schema":{"@context":"https:\/\/schema.org","@graph":[{"@type":"WebPage","@id":"https:\/\/www.piiroinen.com\/fi\/elinkaaripalveluiden-asiantuntijuus-asenne-ja-ratkaisukeskeisyys\/","url":"https:\/\/www.piiroinen.com\/fi\/elinkaaripalveluiden-asiantuntijuus-asenne-ja-ratkaisukeskeisyys\/","name":"Elinkaari&shy;palveluiden asiantuntijuus, asenne ja ratkaisu&shy;keskeisyys - Piiroinen","isPartOf":{"@id":"https:\/\/www.piiroinen.com\/#website"},"datePublished":"2025-03-10T07:45:05+00:00","dateModified":"2025-03-10T07:48:24+00:00","author":{"@id":"https:\/\/www.piiroinen.com\/#\/schema\/person\/a50f2a584004fc7a8c879d795e9a8ad8"},"breadcrumb":{"@id":"https:\/\/www.piiroinen.com\/fi\/elinkaaripalveluiden-asiantuntijuus-asenne-ja-ratkaisukeskeisyys\/#breadcrumb"},"inLanguage":"fi","potentialAction":[{"@type":"ReadAction","target":["https:\/\/www.piiroinen.com\/fi\/elinkaaripalveluiden-asiantuntijuus-asenne-ja-ratkaisukeskeisyys\/"]}]},{"@type":"BreadcrumbList","@id":"https:\/\/www.piiroinen.com\/fi\/elinkaaripalveluiden-asiantuntijuus-asenne-ja-ratkaisukeskeisyys\/#breadcrumb","itemListElement":[{"@type":"ListItem","position":1,"name":"Home","item":"https:\/\/www.piiroinen.com\/"},{"@type":"ListItem","position":2,"name":"Elinkaari&shy;palveluiden asiantuntijuus, asenne ja ratkaisu&shy;keskeisyys"}]},{"@type":"WebSite","@id":"https:\/\/www.piiroinen.com\/#website","url":"https:\/\/www.piiroinen.com\/","name":"Piiroinen","description":"Sustainable and well-functioning furniture, venues, components and repair service","potentialAction":[{"@type":"SearchAction","target":{"@type":"EntryPoint","urlTemplate":"https:\/\/www.piiroinen.com\/?s={search_term_string}"},"query-input":"required name=search_term_string"}],"inLanguage":"fi"},{"@type":"Person","@id":"https:\/\/www.piiroinen.com\/#\/schema\/person\/a50f2a584004fc7a8c879d795e9a8ad8","name":"Vilma","url":"https:\/\/www.piiroinen.com\/fi\/author\/vilma\/"}]}},"_links":{"self":[{"href":"https:\/\/www.piiroinen.com\/fi\/wp-json\/wp\/v2\/posts\/13965","targetHints":{"allow":["GET"]}}],"collection":[{"href":"https:\/\/www.piiroinen.com\/fi\/wp-json\/wp\/v2\/posts"}],"about":[{"href":"https:\/\/www.piiroinen.com\/fi\/wp-json\/wp\/v2\/types\/post"}],"author":[{"embeddable":true,"href":"https:\/\/www.piiroinen.com\/fi\/wp-json\/wp\/v2\/users\/2"}],"replies":[{"embeddable":true,"href":"https:\/\/www.piiroinen.com\/fi\/wp-json\/wp\/v2\/comments?post=13965"}],"version-history":[{"count":8,"href":"https:\/\/www.piiroinen.com\/fi\/wp-json\/wp\/v2\/posts\/13965\/revisions"}],"predecessor-version":[{"id":13975,"href":"https:\/\/www.piiroinen.com\/fi\/wp-json\/wp\/v2\/posts\/13965\/revisions\/13975"}],"wp:featuredmedia":[{"embeddable":true,"href":"https:\/\/www.piiroinen.com\/fi\/wp-json\/wp\/v2\/media\/13971"}],"wp:attachment":[{"href":"https:\/\/www.piiroinen.com\/fi\/wp-json\/wp\/v2\/media?parent=13965"}],"wp:term":[{"taxonomy":"category","embeddable":true,"href":"https:\/\/www.piiroinen.com\/fi\/wp-json\/wp\/v2\/categories?post=13965"},{"taxonomy":"post_tag","embeddable":true,"href":"https:\/\/www.piiroinen.com\/fi\/wp-json\/wp\/v2\/tags?post=13965"}],"curies":[{"name":"wp","href":"https:\/\/api.w.org\/{rel}","templated":true}]}}