{"id":15174,"date":"2025-10-22T12:16:35","date_gmt":"2025-10-22T09:16:35","guid":{"rendered":"https:\/\/www.piiroinen.com\/fsb-trade-fair-2025\/"},"modified":"2025-10-22T12:24:52","modified_gmt":"2025-10-22T09:24:52","slug":"fsb-trade-fair-2025","status":"publish","type":"post","link":"https:\/\/www.piiroinen.com\/fi\/fsb-trade-fair-2025\/","title":{"rendered":"FSB Trade Fair 2025"},"content":{"rendered":"<p>[vc_row][vc_column][vc_column_text]<\/p>\n<p class=\"inkku\">Tervetuloa kansainv\u00e4lisille julkisten tilojen, urheilu- ja vapaa-ajan tilojen messuille K\u00f6lniin! Olemme mukana messuilla yhteisosastolla <a href=\"https:\/\/www.tekojaa.fi\/\" rel=\"noopener\" target=\"_blank\">Suomen Tekoj\u00e4\u00e4 Oy<\/a>:n ja <a href=\"https:\/\/vepeicepro.com\/fi\/etusivu\/\" rel=\"noopener\" target=\"_blank\">Vepe-Icepro Co. Ltd:n<\/a> kanssa \u2014 tule tapaamaan meit\u00e4 yhteiselle osastollemme!<\/p>\n<p><strong>WHAT<br \/>\n<\/strong>FSB Trade Fair 2025<\/p>\n<p><strong>WHERE<\/strong><br \/>\nHall 9.1, Stand D050 E051 at Cologne Exhibition Centre<\/p>\n<p><strong>WHEN<\/strong><br \/>\n28\u201331 October 2025<\/p>\n<h2>Luomme n\u00e4ytt\u00e4vi\u00e4 ja toimivia tapahtumapaikkoja<\/h2>\n<p>Katsomoratkaisuillamme luot n\u00e4ytt\u00e4vi\u00e4 ja toimivia tapahtumapaikkoja, jotka ovat helposti muunneltavissa eri tarpeisiin! Tule tutustumaan teleskooppikatsomoon ja koeistumaan toimivat sek\u00e4 mukavat istuinmallit sis\u00e4- ja ulkoareenoille.<\/p>\n<p>\ud83d\udd17 Osta liput massuille <a href=\"https:\/\/www.fsb-cologne.com\/trade-fair\/tickets\/buy-tickets\/\" target=\"_blank\" rel=\"noopener\">T\u00e4\u00e4lt\u00e4 \u00bb<\/a>[\/vc_column_text]<style type=\"text\/css\" data-type=\"the7_shortcodes-inline-css\">#default-btn-c4910f3ef7a2c2d9ee03d12a0010dc95 {\n  border-radius: 0px;\n  font-size: 16px;\n  line-height: 18px;\n}\n.btn-shadow#default-btn-c4910f3ef7a2c2d9ee03d12a0010dc95 {\n  box-shadow: 0 1px 6px rgba(0,0,0,0.12);\n  transition: box-shadow 0.2s ease-out, opacity 0.45s;\n}\n.btn-shadow#default-btn-c4910f3ef7a2c2d9ee03d12a0010dc95:hover {\n  box-shadow: 0 5px 11px 0 rgba(0,0,0,0.18), 0 4px 15px 0 rgba(0,0,0,0.15);\n}\n.btn-3d#default-btn-c4910f3ef7a2c2d9ee03d12a0010dc95:hover {\n  box-shadow: 0px 2px 0px 0px #715f42;\n}\n.btn-flat#default-btn-c4910f3ef7a2c2d9ee03d12a0010dc95 {\n  box-shadow: none;\n}\n.btn-flat#default-btn-c4910f3ef7a2c2d9ee03d12a0010dc95:hover {\n  box-shadow: none;\n}\n#default-btn-c4910f3ef7a2c2d9ee03d12a0010dc95.ico-right-side > i {\n  margin-right: 0px;\n  margin-left: 8px;\n}\n#default-btn-c4910f3ef7a2c2d9ee03d12a0010dc95 > i {\n  margin-right: 8px;\n  font-size: 16px;\n}\n#default-btn-c4910f3ef7a2c2d9ee03d12a0010dc95:not(:hover) {\n  border-width: 2px;\n  border-color: #b08640 !important;\n  color: #b08640;\n  background: none !important;\n  padding: 16px 22px 16px 22px;\n}\n#default-btn-c4910f3ef7a2c2d9ee03d12a0010dc95:not(:hover) * {\n  color: #b08640;\n}\n#default-btn-c4910f3ef7a2c2d9ee03d12a0010dc95:hover {\n  border-width: 2px;\n  border-color: #b08640 !important;\n  color: #fefefe;\n  background: #b08640 !important;\n  padding: 16px 22px 16px 22px;\n}\n#default-btn-c4910f3ef7a2c2d9ee03d12a0010dc95:hover * {\n  color: #fefefe;\n}\n#default-btn-c4910f3ef7a2c2d9ee03d12a0010dc95.ico-right-side > i {\n  margin-right: 0px;\n  margin-left: 8px;\n}\n#default-btn-c4910f3ef7a2c2d9ee03d12a0010dc95 > i {\n  margin-right: 8px;\n}\n<\/style><a href=\"https:\/\/www.piiroinen.com\/fi\/katsomot-auditoriot\/\" class=\"default-btn-shortcode dt-btn link-hover-off anchor-link btn-inline-left btn-flat \" id=\"default-btn-c4910f3ef7a2c2d9ee03d12a0010dc95\" title=\"Katsomot & auditoriot\"><i class=\"icomoon-the7-font-the7-arrow-33\"><\/i><span>Katsomot &amp; auditoriot<\/span><\/a>[vc_column_text]<\/p>\n<h2>Elinkaaripalvelut katsomoille &#038; auditorioille<\/h2>\n<p>Huollamme ja korjaamme urheilu- ja kulttuuriareenoiden katsomoita, auditoriosalien kalusteita sek\u00e4 irtokalusteita. Elinkaaripalvelumme kattavat my\u00f6s muiden valmistamat kalusteet.<\/p>\n<h3>Kest\u00e4v\u00e4 kehitys, kustannuss\u00e4\u00e4st\u00f6t ja toimivat tilat joka p\u00e4iv\u00e4<\/h3>\n<p>Teemme elinkaariprojekteistamme hiilijalanj\u00e4lki- ja hiilik\u00e4denj\u00e4lkilaskentaa. Laskenta huomioi koko toimitusketjun ja konkretisoi positiiviset ilmastovaikutukset.[\/vc_column_text]<style type=\"text\/css\" data-type=\"the7_shortcodes-inline-css\">#default-btn-1d5388d2d077865b042f1e260aac2632 {\n  border-radius: 0px;\n  font-size: 16px;\n  line-height: 18px;\n}\n.btn-shadow#default-btn-1d5388d2d077865b042f1e260aac2632 {\n  box-shadow: 0 1px 6px rgba(0,0,0,0.12);\n  transition: box-shadow 0.2s ease-out, opacity 0.45s;\n}\n.btn-shadow#default-btn-1d5388d2d077865b042f1e260aac2632:hover {\n  box-shadow: 0 5px 11px 0 rgba(0,0,0,0.18), 0 4px 15px 0 rgba(0,0,0,0.15);\n}\n.btn-3d#default-btn-1d5388d2d077865b042f1e260aac2632:hover {\n  box-shadow: 0px 2px 0px 0px #715f42;\n}\n.btn-flat#default-btn-1d5388d2d077865b042f1e260aac2632 {\n  box-shadow: none;\n}\n.btn-flat#default-btn-1d5388d2d077865b042f1e260aac2632:hover {\n  box-shadow: none;\n}\n#default-btn-1d5388d2d077865b042f1e260aac2632.ico-right-side > i {\n  margin-right: 0px;\n  margin-left: 8px;\n}\n#default-btn-1d5388d2d077865b042f1e260aac2632 > i {\n  margin-right: 8px;\n  font-size: 16px;\n}\n#default-btn-1d5388d2d077865b042f1e260aac2632:not(:hover) {\n  border-width: 2px;\n  border-color: #b08640 !important;\n  color: #b08640;\n  background: none !important;\n  padding: 16px 22px 16px 22px;\n}\n#default-btn-1d5388d2d077865b042f1e260aac2632:not(:hover) * {\n  color: #b08640;\n}\n#default-btn-1d5388d2d077865b042f1e260aac2632:hover {\n  border-width: 2px;\n  border-color: #b08640 !important;\n  color: #fefefe;\n  background: #b08640 !important;\n  padding: 16px 22px 16px 22px;\n}\n#default-btn-1d5388d2d077865b042f1e260aac2632:hover * {\n  color: #fefefe;\n}\n#default-btn-1d5388d2d077865b042f1e260aac2632.ico-right-side > i {\n  margin-right: 0px;\n  margin-left: 8px;\n}\n#default-btn-1d5388d2d077865b042f1e260aac2632 > i {\n  margin-right: 8px;\n}\n<\/style><a href=\"https:\/\/www.piiroinen.com\/fi\/elinkaaripalvelut\/\" class=\"default-btn-shortcode dt-btn link-hover-off anchor-link btn-inline-left btn-flat \" id=\"default-btn-1d5388d2d077865b042f1e260aac2632\" title=\"Elinkaaripalvelut\"><i class=\"icomoon-the7-font-the7-arrow-33\"><\/i><span>Katsomot &amp; auditoriot<\/span><\/a>[vc_column_text]<\/p>\n<p class=\"inkku\">N\u00e4hd\u00e4\u00e4n messuilla!<\/p>\n<p>[\/vc_column_text][vc_row_inner][vc_column_inner width=&#8221;1\/3&#8243;][vc_single_image image=&#8221;14699&#8243; img_size=&#8221;large&#8221;][vc_column_text]<\/p>\n<h4>Pasi Paakki<\/h4>\n<p><strong>Liiketoimintajohtaja<\/strong><br \/>\nUrheiluareenat, katsomot &amp; auditoriot<\/p>\n<p><a href=\"mailto:pasi.paakki@piiroinen.com\">pasi.paakki@piiroinen.com<\/a><br \/>\n<a href=\"tel:+358408372103\">+358 40 837 2103<\/a>[\/vc_column_text][\/vc_column_inner][vc_column_inner width=&#8221;1\/3&#8243;][vc_single_image image=&#8221;6789&#8243; img_size=&#8221;large&#8221;][vc_column_text]<\/p>\n<h4>Juho Nieminen<\/h4>\n<p><strong>Asiakkuusp\u00e4\u00e4llikk\u00f6<\/strong><br \/>\nDesignkalsuteet, auditoriot &amp; elinkaari\u00adpalvelut<\/p>\n<p><a href=\"mailto:juho.nieminen@piiroinen.com\">juho.nieminen@piiroinen.com<\/a><br \/>\n<a href=\"tel:+358442442358\">+358 44 244 2358<\/a>[\/vc_column_text][\/vc_column_inner][vc_column_inner width=&#8221;1\/3&#8243;][vc_single_image image=&#8221;2047&#8243; img_size=&#8221;large&#8221;][vc_column_text]<\/p>\n<h4>Timo Kaivonen<\/h4>\n<p><strong>Liiketoimintajohtaja<\/strong><br \/>\nDesignkalusteet &amp; elinkaaripalvelut<\/p>\n<p><a href=\"tel:+358443362995\">+358 44 336 2995<\/a><br \/>\n<a href=\"mailto:timo.kaivonen@piiroinen.com\">timo.kaivonen@piiroinen.com<\/a>[\/vc_column_text][\/vc_column_inner][\/vc_row_inner][\/vc_column][\/vc_row]<\/p>\n","protected":false},"excerpt":{"rendered":"<p>[vc_row][vc_column][vc_column_text] Tervetuloa kansainv\u00e4lisille julkisten tilojen, urheilu- ja vapaa-ajan tilojen messuille K\u00f6lniin! Olemme mukana messuilla yhteisosastolla Suomen Tekoj\u00e4\u00e4 Oy:n ja Vepe-Icepro Co. Ltd:n kanssa \u2014 tule tapaamaan meit\u00e4 yhteiselle osastollemme! WHAT FSB Trade Fair 2025 WHERE Hall 9.1, Stand D050 E051 at Cologne Exhibition Centre WHEN 28\u201331 October 2025 Luomme n\u00e4ytt\u00e4vi\u00e4 ja toimivia tapahtumapaikkoja Katsomoratkaisuillamme luot&hellip;<\/p>\n","protected":false},"author":2,"featured_media":15170,"comment_status":"closed","ping_status":"closed","sticky":false,"template":"","format":"standard","meta":{"footnotes":""},"categories":[186],"tags":[],"class_list":["post-15174","post","type-post","status-publish","format-standard","has-post-thumbnail","hentry","category-seating-and-auditoriums","category-186","description-off"],"yoast_head":"<!-- This site is optimized with the Yoast SEO plugin v21.4 - https:\/\/yoast.com\/wordpress\/plugins\/seo\/ -->\n<title>FSB Trade Fair 2025 - Piiroinen<\/title>\n<meta name=\"robots\" content=\"index, follow, max-snippet:-1, max-image-preview:large, max-video-preview:-1\" \/>\n<link rel=\"canonical\" href=\"https:\/\/www.piiroinen.com\/next-stop-fsb\/\" \/>\n<meta property=\"og:locale\" content=\"fi_FI\" \/>\n<meta property=\"og:type\" content=\"article\" \/>\n<meta property=\"og:title\" content=\"FSB Trade Fair 2025 - Piiroinen\" \/>\n<meta property=\"og:description\" content=\"[vc_row][vc_column][vc_column_text] Tervetuloa kansainv\u00e4lisille julkisten tilojen, urheilu- ja vapaa-ajan tilojen messuille K\u00f6lniin! Olemme mukana messuilla yhteisosastolla Suomen Tekoj\u00e4\u00e4 Oy:n ja Vepe-Icepro Co. Ltd:n kanssa \u2014 tule tapaamaan meit\u00e4 yhteiselle osastollemme! WHAT FSB Trade Fair 2025 WHERE Hall 9.1, Stand D050 E051 at Cologne Exhibition Centre WHEN 28\u201331 October 2025 Luomme n\u00e4ytt\u00e4vi\u00e4 ja toimivia tapahtumapaikkoja Katsomoratkaisuillamme luot&hellip;\" \/>\n<meta property=\"og:url\" content=\"https:\/\/www.piiroinen.com\/next-stop-fsb\/\" \/>\n<meta property=\"og:site_name\" content=\"Piiroinen\" \/>\n<meta property=\"article:published_time\" content=\"2025-10-22T09:16:35+00:00\" \/>\n<meta property=\"article:modified_time\" content=\"2025-10-22T09:24:52+00:00\" \/>\n<meta property=\"og:image\" content=\"https:\/\/www.piiroinen.com\/wp-content\/uploads\/PIIROINEN_fsb-2025.jpg\" \/>\n\t<meta property=\"og:image:width\" content=\"1366\" \/>\n\t<meta property=\"og:image:height\" content=\"768\" \/>\n\t<meta property=\"og:image:type\" content=\"image\/jpeg\" \/>\n<meta name=\"author\" content=\"Vilma\" \/>\n<meta name=\"twitter:card\" content=\"summary_large_image\" \/>\n<meta name=\"twitter:label1\" content=\"Kirjoittanut\" \/>\n\t<meta name=\"twitter:data1\" content=\"Vilma\" \/>\n\t<meta name=\"twitter:label2\" content=\"Arvioitu lukuaika\" \/>\n\t<meta name=\"twitter:data2\" content=\"2 minuuttia\" \/>\n<script type=\"application\/ld+json\" class=\"yoast-schema-graph\">{\"@context\":\"https:\/\/schema.org\",\"@graph\":[{\"@type\":\"WebPage\",\"@id\":\"https:\/\/www.piiroinen.com\/next-stop-fsb\/\",\"url\":\"https:\/\/www.piiroinen.com\/next-stop-fsb\/\",\"name\":\"FSB Trade Fair 2025 - Piiroinen\",\"isPartOf\":{\"@id\":\"https:\/\/www.piiroinen.com\/#website\"},\"datePublished\":\"2025-10-22T09:16:35+00:00\",\"dateModified\":\"2025-10-22T09:24:52+00:00\",\"author\":{\"@id\":\"https:\/\/www.piiroinen.com\/#\/schema\/person\/a50f2a584004fc7a8c879d795e9a8ad8\"},\"breadcrumb\":{\"@id\":\"https:\/\/www.piiroinen.com\/next-stop-fsb\/#breadcrumb\"},\"inLanguage\":\"fi\",\"potentialAction\":[{\"@type\":\"ReadAction\",\"target\":[\"https:\/\/www.piiroinen.com\/next-stop-fsb\/\"]}]},{\"@type\":\"BreadcrumbList\",\"@id\":\"https:\/\/www.piiroinen.com\/next-stop-fsb\/#breadcrumb\",\"itemListElement\":[{\"@type\":\"ListItem\",\"position\":1,\"name\":\"Home\",\"item\":\"https:\/\/www.piiroinen.com\/\"},{\"@type\":\"ListItem\",\"position\":2,\"name\":\"FSB Trade Fair 2025\"}]},{\"@type\":\"WebSite\",\"@id\":\"https:\/\/www.piiroinen.com\/#website\",\"url\":\"https:\/\/www.piiroinen.com\/\",\"name\":\"Piiroinen\",\"description\":\"Sustainable and well-functioning furniture, venues, components and repair service\",\"potentialAction\":[{\"@type\":\"SearchAction\",\"target\":{\"@type\":\"EntryPoint\",\"urlTemplate\":\"https:\/\/www.piiroinen.com\/?s={search_term_string}\"},\"query-input\":\"required name=search_term_string\"}],\"inLanguage\":\"fi\"},{\"@type\":\"Person\",\"@id\":\"https:\/\/www.piiroinen.com\/#\/schema\/person\/a50f2a584004fc7a8c879d795e9a8ad8\",\"name\":\"Vilma\",\"url\":\"https:\/\/www.piiroinen.com\/fi\/author\/vilma\/\"}]}<\/script>\n<!-- \/ Yoast SEO plugin. -->","yoast_head_json":{"title":"FSB Trade Fair 2025 - Piiroinen","robots":{"index":"index","follow":"follow","max-snippet":"max-snippet:-1","max-image-preview":"max-image-preview:large","max-video-preview":"max-video-preview:-1"},"canonical":"https:\/\/www.piiroinen.com\/next-stop-fsb\/","og_locale":"fi_FI","og_type":"article","og_title":"FSB Trade Fair 2025 - Piiroinen","og_description":"[vc_row][vc_column][vc_column_text] Tervetuloa kansainv\u00e4lisille julkisten tilojen, urheilu- ja vapaa-ajan tilojen messuille K\u00f6lniin! Olemme mukana messuilla yhteisosastolla Suomen Tekoj\u00e4\u00e4 Oy:n ja Vepe-Icepro Co. Ltd:n kanssa \u2014 tule tapaamaan meit\u00e4 yhteiselle osastollemme! WHAT FSB Trade Fair 2025 WHERE Hall 9.1, Stand D050 E051 at Cologne Exhibition Centre WHEN 28\u201331 October 2025 Luomme n\u00e4ytt\u00e4vi\u00e4 ja toimivia tapahtumapaikkoja Katsomoratkaisuillamme luot&hellip;","og_url":"https:\/\/www.piiroinen.com\/next-stop-fsb\/","og_site_name":"Piiroinen","article_published_time":"2025-10-22T09:16:35+00:00","article_modified_time":"2025-10-22T09:24:52+00:00","og_image":[{"width":1366,"height":768,"url":"https:\/\/www.piiroinen.com\/wp-content\/uploads\/PIIROINEN_fsb-2025.jpg","type":"image\/jpeg"}],"author":"Vilma","twitter_card":"summary_large_image","twitter_misc":{"Kirjoittanut":"Vilma","Arvioitu lukuaika":"2 minuuttia"},"schema":{"@context":"https:\/\/schema.org","@graph":[{"@type":"WebPage","@id":"https:\/\/www.piiroinen.com\/next-stop-fsb\/","url":"https:\/\/www.piiroinen.com\/next-stop-fsb\/","name":"FSB Trade Fair 2025 - Piiroinen","isPartOf":{"@id":"https:\/\/www.piiroinen.com\/#website"},"datePublished":"2025-10-22T09:16:35+00:00","dateModified":"2025-10-22T09:24:52+00:00","author":{"@id":"https:\/\/www.piiroinen.com\/#\/schema\/person\/a50f2a584004fc7a8c879d795e9a8ad8"},"breadcrumb":{"@id":"https:\/\/www.piiroinen.com\/next-stop-fsb\/#breadcrumb"},"inLanguage":"fi","potentialAction":[{"@type":"ReadAction","target":["https:\/\/www.piiroinen.com\/next-stop-fsb\/"]}]},{"@type":"BreadcrumbList","@id":"https:\/\/www.piiroinen.com\/next-stop-fsb\/#breadcrumb","itemListElement":[{"@type":"ListItem","position":1,"name":"Home","item":"https:\/\/www.piiroinen.com\/"},{"@type":"ListItem","position":2,"name":"FSB Trade Fair 2025"}]},{"@type":"WebSite","@id":"https:\/\/www.piiroinen.com\/#website","url":"https:\/\/www.piiroinen.com\/","name":"Piiroinen","description":"Sustainable and well-functioning furniture, venues, components and repair service","potentialAction":[{"@type":"SearchAction","target":{"@type":"EntryPoint","urlTemplate":"https:\/\/www.piiroinen.com\/?s={search_term_string}"},"query-input":"required name=search_term_string"}],"inLanguage":"fi"},{"@type":"Person","@id":"https:\/\/www.piiroinen.com\/#\/schema\/person\/a50f2a584004fc7a8c879d795e9a8ad8","name":"Vilma","url":"https:\/\/www.piiroinen.com\/fi\/author\/vilma\/"}]}},"_links":{"self":[{"href":"https:\/\/www.piiroinen.com\/fi\/wp-json\/wp\/v2\/posts\/15174","targetHints":{"allow":["GET"]}}],"collection":[{"href":"https:\/\/www.piiroinen.com\/fi\/wp-json\/wp\/v2\/posts"}],"about":[{"href":"https:\/\/www.piiroinen.com\/fi\/wp-json\/wp\/v2\/types\/post"}],"author":[{"embeddable":true,"href":"https:\/\/www.piiroinen.com\/fi\/wp-json\/wp\/v2\/users\/2"}],"replies":[{"embeddable":true,"href":"https:\/\/www.piiroinen.com\/fi\/wp-json\/wp\/v2\/comments?post=15174"}],"version-history":[{"count":13,"href":"https:\/\/www.piiroinen.com\/fi\/wp-json\/wp\/v2\/posts\/15174\/revisions"}],"predecessor-version":[{"id":15190,"href":"https:\/\/www.piiroinen.com\/fi\/wp-json\/wp\/v2\/posts\/15174\/revisions\/15190"}],"wp:featuredmedia":[{"embeddable":true,"href":"https:\/\/www.piiroinen.com\/fi\/wp-json\/wp\/v2\/media\/15170"}],"wp:attachment":[{"href":"https:\/\/www.piiroinen.com\/fi\/wp-json\/wp\/v2\/media?parent=15174"}],"wp:term":[{"taxonomy":"category","embeddable":true,"href":"https:\/\/www.piiroinen.com\/fi\/wp-json\/wp\/v2\/categories?post=15174"},{"taxonomy":"post_tag","embeddable":true,"href":"https:\/\/www.piiroinen.com\/fi\/wp-json\/wp\/v2\/tags?post=15174"}],"curies":[{"name":"wp","href":"https:\/\/api.w.org\/{rel}","templated":true}]}}