{"id":15554,"date":"2026-01-23T15:53:03","date_gmt":"2026-01-23T12:53:03","guid":{"rendered":"https:\/\/www.piiroinen.com\/?p=15554"},"modified":"2026-01-23T15:54:28","modified_gmt":"2026-01-23T12:54:28","slug":"kuntalehti-munkkiniemen-yhteiskoulun-vanhat-kalusteet-saivat-uuden-elaman","status":"publish","type":"post","link":"https:\/\/www.piiroinen.com\/fi\/kuntalehti-munkkiniemen-yhteiskoulun-vanhat-kalusteet-saivat-uuden-elaman\/","title":{"rendered":"Kuntalehti: Munkkiniemen yhteiskoulun vanhat kalusteet saivat uuden el\u00e4m\u00e4n"},"content":{"rendered":"<p>[vc_row][vc_column][vc_column_text]<\/p>\n<h3>Kuntalehti:<\/h3>\n<p class=\"inkku\">Munkkiniemen yhteiskoulun vanhat kalusteet saivat uuden el\u00e4m\u00e4n<\/p>\n<p>[\/vc_column_text][vc_column_text]<strong>Koulujen uudistushankkeissa etsit\u00e4\u00e4n yh\u00e4 useammin kest\u00e4vi\u00e4 ratkaisuja kertak\u00e4ytt\u00f6isten hankintojen sijaan.<\/strong><\/p>\n<p>Munkkiniemen yhteiskoulun ruokalan kalusteet uudistuivat kunnostamalla olemassa olevaa kalustekantaa osana laajaa peruskorjausta. Kes\u00e4ll\u00e4 2023 Munkkiniemen yhteiskoulun ruokalan 369 tuolia ja 70 p\u00f6yt\u00e4\u00e4 kannettiin kahteen luokkaan.<\/p>\n<p>Kalustevalmistaja Piiroisen tiedotteen mukaan alkuper\u00e4iset, yli 20 vuotta vanhat metallirungot s\u00e4ilytettiin, mutta tuolien istuimet ja selk\u00e4nojat sek\u00e4 p\u00f6ytien kannet uusittiin arkkitehdin suunnitelman mukaisesti.[\/vc_column_text]<style type=\"text\/css\" data-type=\"the7_shortcodes-inline-css\">#default-btn-27507ced645d2fb186b06932605f7137 {\n  border-radius: 0px;\n  font-size: 16px;\n  line-height: 18px;\n}\n.btn-shadow#default-btn-27507ced645d2fb186b06932605f7137 {\n  box-shadow: 0 1px 6px rgba(0,0,0,0.12);\n  transition: box-shadow 0.2s ease-out, opacity 0.45s;\n}\n.btn-shadow#default-btn-27507ced645d2fb186b06932605f7137:hover {\n  box-shadow: 0 5px 11px 0 rgba(0,0,0,0.18), 0 4px 15px 0 rgba(0,0,0,0.15);\n}\n.btn-3d#default-btn-27507ced645d2fb186b06932605f7137 {\n  box-shadow: 0px 2px 0px 0px #715f42;\n}\n.btn-flat#default-btn-27507ced645d2fb186b06932605f7137 {\n  box-shadow: none;\n}\n.btn-flat#default-btn-27507ced645d2fb186b06932605f7137:hover {\n  box-shadow: none;\n}\n#default-btn-27507ced645d2fb186b06932605f7137.ico-right-side > i {\n  margin-right: 0px;\n  margin-left: 8px;\n}\n#default-btn-27507ced645d2fb186b06932605f7137 > i {\n  margin-right: 8px;\n  font-size: 16px;\n}\n#default-btn-27507ced645d2fb186b06932605f7137:not(:hover) {\n  border-width: 2px;\n  border-color: #b08640 !important;\n  color: #ffffff;\n  background: #b08640 !important;\n  padding: 16px 22px 16px 22px;\n}\n#default-btn-27507ced645d2fb186b06932605f7137:not(:hover) * {\n  color: #ffffff;\n}\n#default-btn-27507ced645d2fb186b06932605f7137:hover {\n  border-width: 2px;\n  border-color: #b08640 !important;\n  color: #b08640;\n  background: none !important;\n  padding: 16px 22px 16px 22px;\n}\n#default-btn-27507ced645d2fb186b06932605f7137:hover * {\n  color: #b08640;\n}\n#default-btn-27507ced645d2fb186b06932605f7137.ico-right-side > i {\n  margin-right: 0px;\n  margin-left: 8px;\n}\n#default-btn-27507ced645d2fb186b06932605f7137 > i {\n  margin-right: 8px;\n}\n<\/style><a href=\"https:\/\/www.kuntalehti.fi\/uutiset\/munkkiniemen-yhteiskoulun-vanhat-kalusteet-saivat-uuden-elaemaen\/308163\" class=\"default-btn-shortcode dt-btn link-hover-off ico-right-side btn-inline-left btn-flat \" target=\"_blank\" id=\"default-btn-27507ced645d2fb186b06932605f7137\" rel=\"noopener\"><span>Lue artikkeli<\/span><i class=\"icomoon-the7-font-the7-arrow-33\"><\/i><\/a>[\/vc_column][\/vc_row]<\/p>\n","protected":false},"excerpt":{"rendered":"<p>[vc_row][vc_column][vc_column_text] Kuntalehti: Munkkiniemen yhteiskoulun vanhat kalusteet saivat uuden el\u00e4m\u00e4n [\/vc_column_text][vc_column_text]Koulujen uudistushankkeissa etsit\u00e4\u00e4n yh\u00e4 useammin kest\u00e4vi\u00e4 ratkaisuja kertak\u00e4ytt\u00f6isten hankintojen sijaan. Munkkiniemen yhteiskoulun ruokalan kalusteet uudistuivat kunnostamalla olemassa olevaa kalustekantaa osana laajaa peruskorjausta. Kes\u00e4ll\u00e4 2023 Munkkiniemen yhteiskoulun ruokalan 369 tuolia ja 70 p\u00f6yt\u00e4\u00e4 kannettiin kahteen luokkaan. Kalustevalmistaja Piiroisen tiedotteen mukaan alkuper\u00e4iset, yli 20 vuotta vanhat metallirungot s\u00e4ilytettiin,&hellip;<\/p>\n","protected":false},"author":2,"featured_media":15557,"comment_status":"closed","ping_status":"closed","sticky":false,"template":"","format":"standard","meta":{"footnotes":""},"categories":[145],"tags":[],"class_list":["post-15554","post","type-post","status-publish","format-standard","has-post-thumbnail","hentry","category-piiroinen-mediassa","category-145","description-off"],"yoast_head":"<!-- This site is optimized with the Yoast SEO plugin v21.4 - https:\/\/yoast.com\/wordpress\/plugins\/seo\/ -->\n<title>Kuntalehti: Munkkiniemen yhteiskoulun vanhat kalusteet saivat uuden el\u00e4m\u00e4n - Piiroinen<\/title>\n<meta name=\"robots\" content=\"index, follow, max-snippet:-1, max-image-preview:large, max-video-preview:-1\" \/>\n<link rel=\"canonical\" href=\"https:\/\/www.piiroinen.com\/fi\/kuntalehti-munkkiniemen-yhteiskoulun-vanhat-kalusteet-saivat-uuden-elaman\/\" \/>\n<meta property=\"og:locale\" content=\"fi_FI\" \/>\n<meta property=\"og:type\" content=\"article\" \/>\n<meta property=\"og:title\" content=\"Kuntalehti: Munkkiniemen yhteiskoulun vanhat kalusteet saivat uuden el\u00e4m\u00e4n - Piiroinen\" \/>\n<meta property=\"og:description\" content=\"[vc_row][vc_column][vc_column_text] Kuntalehti: Munkkiniemen yhteiskoulun vanhat kalusteet saivat uuden el\u00e4m\u00e4n [\/vc_column_text][vc_column_text]Koulujen uudistushankkeissa etsit\u00e4\u00e4n yh\u00e4 useammin kest\u00e4vi\u00e4 ratkaisuja kertak\u00e4ytt\u00f6isten hankintojen sijaan. Munkkiniemen yhteiskoulun ruokalan kalusteet uudistuivat kunnostamalla olemassa olevaa kalustekantaa osana laajaa peruskorjausta. Kes\u00e4ll\u00e4 2023 Munkkiniemen yhteiskoulun ruokalan 369 tuolia ja 70 p\u00f6yt\u00e4\u00e4 kannettiin kahteen luokkaan. Kalustevalmistaja Piiroisen tiedotteen mukaan alkuper\u00e4iset, yli 20 vuotta vanhat metallirungot s\u00e4ilytettiin,&hellip;\" \/>\n<meta property=\"og:url\" content=\"https:\/\/www.piiroinen.com\/fi\/kuntalehti-munkkiniemen-yhteiskoulun-vanhat-kalusteet-saivat-uuden-elaman\/\" \/>\n<meta property=\"og:site_name\" content=\"Piiroinen\" \/>\n<meta property=\"article:published_time\" content=\"2026-01-23T12:53:03+00:00\" \/>\n<meta property=\"article:modified_time\" content=\"2026-01-23T12:54:28+00:00\" \/>\n<meta property=\"og:image\" content=\"https:\/\/www.piiroinen.com\/wp-content\/uploads\/Munkkiniemen-yhteiskoulun-vanhat-kalusteet-saivat-uuden-elaman-scaled.png\" \/>\n\t<meta property=\"og:image:width\" content=\"2560\" \/>\n\t<meta property=\"og:image:height\" content=\"1307\" \/>\n\t<meta property=\"og:image:type\" content=\"image\/png\" \/>\n<meta name=\"author\" content=\"Vilma\" \/>\n<meta name=\"twitter:card\" content=\"summary_large_image\" \/>\n<meta name=\"twitter:label1\" content=\"Kirjoittanut\" \/>\n\t<meta name=\"twitter:data1\" content=\"Vilma\" \/>\n\t<meta name=\"twitter:label2\" content=\"Arvioitu lukuaika\" \/>\n\t<meta name=\"twitter:data2\" content=\"1 minuutti\" \/>\n<script type=\"application\/ld+json\" class=\"yoast-schema-graph\">{\"@context\":\"https:\/\/schema.org\",\"@graph\":[{\"@type\":\"WebPage\",\"@id\":\"https:\/\/www.piiroinen.com\/fi\/kuntalehti-munkkiniemen-yhteiskoulun-vanhat-kalusteet-saivat-uuden-elaman\/\",\"url\":\"https:\/\/www.piiroinen.com\/fi\/kuntalehti-munkkiniemen-yhteiskoulun-vanhat-kalusteet-saivat-uuden-elaman\/\",\"name\":\"Kuntalehti: Munkkiniemen yhteiskoulun vanhat kalusteet saivat uuden el\u00e4m\u00e4n - Piiroinen\",\"isPartOf\":{\"@id\":\"https:\/\/www.piiroinen.com\/#website\"},\"datePublished\":\"2026-01-23T12:53:03+00:00\",\"dateModified\":\"2026-01-23T12:54:28+00:00\",\"author\":{\"@id\":\"https:\/\/www.piiroinen.com\/#\/schema\/person\/a50f2a584004fc7a8c879d795e9a8ad8\"},\"breadcrumb\":{\"@id\":\"https:\/\/www.piiroinen.com\/fi\/kuntalehti-munkkiniemen-yhteiskoulun-vanhat-kalusteet-saivat-uuden-elaman\/#breadcrumb\"},\"inLanguage\":\"fi\",\"potentialAction\":[{\"@type\":\"ReadAction\",\"target\":[\"https:\/\/www.piiroinen.com\/fi\/kuntalehti-munkkiniemen-yhteiskoulun-vanhat-kalusteet-saivat-uuden-elaman\/\"]}]},{\"@type\":\"BreadcrumbList\",\"@id\":\"https:\/\/www.piiroinen.com\/fi\/kuntalehti-munkkiniemen-yhteiskoulun-vanhat-kalusteet-saivat-uuden-elaman\/#breadcrumb\",\"itemListElement\":[{\"@type\":\"ListItem\",\"position\":1,\"name\":\"Home\",\"item\":\"https:\/\/www.piiroinen.com\/\"},{\"@type\":\"ListItem\",\"position\":2,\"name\":\"Kuntalehti: Munkkiniemen yhteiskoulun vanhat kalusteet saivat uuden el\u00e4m\u00e4n\"}]},{\"@type\":\"WebSite\",\"@id\":\"https:\/\/www.piiroinen.com\/#website\",\"url\":\"https:\/\/www.piiroinen.com\/\",\"name\":\"Piiroinen\",\"description\":\"Sustainable and well-functioning furniture, venues, components and repair service\",\"potentialAction\":[{\"@type\":\"SearchAction\",\"target\":{\"@type\":\"EntryPoint\",\"urlTemplate\":\"https:\/\/www.piiroinen.com\/?s={search_term_string}\"},\"query-input\":\"required name=search_term_string\"}],\"inLanguage\":\"fi\"},{\"@type\":\"Person\",\"@id\":\"https:\/\/www.piiroinen.com\/#\/schema\/person\/a50f2a584004fc7a8c879d795e9a8ad8\",\"name\":\"Vilma\",\"url\":\"https:\/\/www.piiroinen.com\/fi\/author\/vilma\/\"}]}<\/script>\n<!-- \/ Yoast SEO plugin. -->","yoast_head_json":{"title":"Kuntalehti: Munkkiniemen yhteiskoulun vanhat kalusteet saivat uuden el\u00e4m\u00e4n - Piiroinen","robots":{"index":"index","follow":"follow","max-snippet":"max-snippet:-1","max-image-preview":"max-image-preview:large","max-video-preview":"max-video-preview:-1"},"canonical":"https:\/\/www.piiroinen.com\/fi\/kuntalehti-munkkiniemen-yhteiskoulun-vanhat-kalusteet-saivat-uuden-elaman\/","og_locale":"fi_FI","og_type":"article","og_title":"Kuntalehti: Munkkiniemen yhteiskoulun vanhat kalusteet saivat uuden el\u00e4m\u00e4n - Piiroinen","og_description":"[vc_row][vc_column][vc_column_text] Kuntalehti: Munkkiniemen yhteiskoulun vanhat kalusteet saivat uuden el\u00e4m\u00e4n [\/vc_column_text][vc_column_text]Koulujen uudistushankkeissa etsit\u00e4\u00e4n yh\u00e4 useammin kest\u00e4vi\u00e4 ratkaisuja kertak\u00e4ytt\u00f6isten hankintojen sijaan. Munkkiniemen yhteiskoulun ruokalan kalusteet uudistuivat kunnostamalla olemassa olevaa kalustekantaa osana laajaa peruskorjausta. Kes\u00e4ll\u00e4 2023 Munkkiniemen yhteiskoulun ruokalan 369 tuolia ja 70 p\u00f6yt\u00e4\u00e4 kannettiin kahteen luokkaan. Kalustevalmistaja Piiroisen tiedotteen mukaan alkuper\u00e4iset, yli 20 vuotta vanhat metallirungot s\u00e4ilytettiin,&hellip;","og_url":"https:\/\/www.piiroinen.com\/fi\/kuntalehti-munkkiniemen-yhteiskoulun-vanhat-kalusteet-saivat-uuden-elaman\/","og_site_name":"Piiroinen","article_published_time":"2026-01-23T12:53:03+00:00","article_modified_time":"2026-01-23T12:54:28+00:00","og_image":[{"width":2560,"height":1307,"url":"https:\/\/www.piiroinen.com\/wp-content\/uploads\/Munkkiniemen-yhteiskoulun-vanhat-kalusteet-saivat-uuden-elaman-scaled.png","type":"image\/png"}],"author":"Vilma","twitter_card":"summary_large_image","twitter_misc":{"Kirjoittanut":"Vilma","Arvioitu lukuaika":"1 minuutti"},"schema":{"@context":"https:\/\/schema.org","@graph":[{"@type":"WebPage","@id":"https:\/\/www.piiroinen.com\/fi\/kuntalehti-munkkiniemen-yhteiskoulun-vanhat-kalusteet-saivat-uuden-elaman\/","url":"https:\/\/www.piiroinen.com\/fi\/kuntalehti-munkkiniemen-yhteiskoulun-vanhat-kalusteet-saivat-uuden-elaman\/","name":"Kuntalehti: Munkkiniemen yhteiskoulun vanhat kalusteet saivat uuden el\u00e4m\u00e4n - Piiroinen","isPartOf":{"@id":"https:\/\/www.piiroinen.com\/#website"},"datePublished":"2026-01-23T12:53:03+00:00","dateModified":"2026-01-23T12:54:28+00:00","author":{"@id":"https:\/\/www.piiroinen.com\/#\/schema\/person\/a50f2a584004fc7a8c879d795e9a8ad8"},"breadcrumb":{"@id":"https:\/\/www.piiroinen.com\/fi\/kuntalehti-munkkiniemen-yhteiskoulun-vanhat-kalusteet-saivat-uuden-elaman\/#breadcrumb"},"inLanguage":"fi","potentialAction":[{"@type":"ReadAction","target":["https:\/\/www.piiroinen.com\/fi\/kuntalehti-munkkiniemen-yhteiskoulun-vanhat-kalusteet-saivat-uuden-elaman\/"]}]},{"@type":"BreadcrumbList","@id":"https:\/\/www.piiroinen.com\/fi\/kuntalehti-munkkiniemen-yhteiskoulun-vanhat-kalusteet-saivat-uuden-elaman\/#breadcrumb","itemListElement":[{"@type":"ListItem","position":1,"name":"Home","item":"https:\/\/www.piiroinen.com\/"},{"@type":"ListItem","position":2,"name":"Kuntalehti: Munkkiniemen yhteiskoulun vanhat kalusteet saivat uuden el\u00e4m\u00e4n"}]},{"@type":"WebSite","@id":"https:\/\/www.piiroinen.com\/#website","url":"https:\/\/www.piiroinen.com\/","name":"Piiroinen","description":"Sustainable and well-functioning furniture, venues, components and repair service","potentialAction":[{"@type":"SearchAction","target":{"@type":"EntryPoint","urlTemplate":"https:\/\/www.piiroinen.com\/?s={search_term_string}"},"query-input":"required name=search_term_string"}],"inLanguage":"fi"},{"@type":"Person","@id":"https:\/\/www.piiroinen.com\/#\/schema\/person\/a50f2a584004fc7a8c879d795e9a8ad8","name":"Vilma","url":"https:\/\/www.piiroinen.com\/fi\/author\/vilma\/"}]}},"_links":{"self":[{"href":"https:\/\/www.piiroinen.com\/fi\/wp-json\/wp\/v2\/posts\/15554","targetHints":{"allow":["GET"]}}],"collection":[{"href":"https:\/\/www.piiroinen.com\/fi\/wp-json\/wp\/v2\/posts"}],"about":[{"href":"https:\/\/www.piiroinen.com\/fi\/wp-json\/wp\/v2\/types\/post"}],"author":[{"embeddable":true,"href":"https:\/\/www.piiroinen.com\/fi\/wp-json\/wp\/v2\/users\/2"}],"replies":[{"embeddable":true,"href":"https:\/\/www.piiroinen.com\/fi\/wp-json\/wp\/v2\/comments?post=15554"}],"version-history":[{"count":3,"href":"https:\/\/www.piiroinen.com\/fi\/wp-json\/wp\/v2\/posts\/15554\/revisions"}],"predecessor-version":[{"id":15559,"href":"https:\/\/www.piiroinen.com\/fi\/wp-json\/wp\/v2\/posts\/15554\/revisions\/15559"}],"wp:featuredmedia":[{"embeddable":true,"href":"https:\/\/www.piiroinen.com\/fi\/wp-json\/wp\/v2\/media\/15557"}],"wp:attachment":[{"href":"https:\/\/www.piiroinen.com\/fi\/wp-json\/wp\/v2\/media?parent=15554"}],"wp:term":[{"taxonomy":"category","embeddable":true,"href":"https:\/\/www.piiroinen.com\/fi\/wp-json\/wp\/v2\/categories?post=15554"},{"taxonomy":"post_tag","embeddable":true,"href":"https:\/\/www.piiroinen.com\/fi\/wp-json\/wp\/v2\/tags?post=15554"}],"curies":[{"name":"wp","href":"https:\/\/api.w.org\/{rel}","templated":true}]}}