{"id":8836,"date":"2023-02-02T09:10:48","date_gmt":"2023-02-02T06:10:48","guid":{"rendered":"https:\/\/www.piiroinen.com\/?p=8836"},"modified":"2023-02-02T09:11:23","modified_gmt":"2023-02-02T06:11:23","slug":"stefan-lindfors-palaa-muotoilun-kuninkuuslajin-pariin-piiroisen-johdolla","status":"publish","type":"post","link":"https:\/\/www.piiroinen.com\/fi\/stefan-lindfors-palaa-muotoilun-kuninkuuslajin-pariin-piiroisen-johdolla\/","title":{"rendered":"Stefan Lindfors palaa muotoilun kuninkuuslajin pariin  Piiroisen johdolla"},"content":{"rendered":"<p>[vc_row][vc_column][vc_column_text]<\/p>\n<p class=\"inkku\">Lindfors ja Piiroinen haluavat yll\u00e4tt\u00e4\u00e4 ensin toisensa ja sitten kaikki muut. Osapuolet ovat solmineet sopimuksen AX-tuolimalliston valmistuksesta.<\/p>\n<p><em>\u201cFantastista palata muotoilun kuninkuuslajin eli tuolin suunnittelun pariin\u201d<\/em>, designin monitoimimies Stefan Lindfors hehkuttaa.<\/p>\n<p>Kalustemuotoilu on h\u00e4nen mielest\u00e4\u00e4n t\u00e4n\u00e4 p\u00e4iv\u00e4n\u00e4 huonossa tilassa.<\/p>\n<p><em>\u201cPelottavaa on se, ett\u00e4 erilaiset tietokoneohjelmistot tekev\u00e4t puolet muotoilusta\u201d<\/em>, suunnittelija sanoo.<\/p>\n<p><em>\u201cKaikki on mahdollista, jolloin ryhti h\u00e4vi\u00e4\u00e4 ja tuotteista tulee tylsi\u00e4, hajuttomia ja mauttomia\u201d<\/em>, h\u00e4n jatkaa.<\/p>\n<p>Lindforsin kunnianhimoinen asenne ajaa h\u00e4nt\u00e4 l\u00f6yt\u00e4m\u00e4\u00e4n jokaiseen projektiin oman l\u00e4hestymiskulmansa.<\/p>\n<h2>Mallisto on esill\u00e4 Tukholman kalustemessuilla<\/h2>\n<p>Vuonna 2007 pastelliliidulla piirretty alkuper\u00e4inen esityskuva ruokailutuolista on luotu Teneriffan auringon alla. Lindfors ty\u00f6skenteli siell\u00e4 s\u00e4\u00e4nn\u00f6llisesti t\u00e4tins\u00e4 luona.<\/p>\n<p>Tuoli julkaistiin ensimm\u00e4isen kerran nimell\u00e4 \u201cMenu\u201d. Vuosia my\u00f6hemmin se tuli j\u00e4lleen ajankohtaiseksi, kun Lindfors ehdotti sit\u00e4 helsinkil\u00e4iseen AX-hotelliin, jonka suunnittelussa h\u00e4n toimi nimikkeell\u00e4 Chief of Design.<\/p>\n<p>Kun ehdotus hyv\u00e4ksyttiin, tuolin uudeksi valmistajaksi valittiin Piiroinen.<\/p>\n<p>Lindforsin suunnittelema AX-mallisto sis\u00e4lt\u00e4\u00e4 ruokailutuolin sek\u00e4 baarijakkaran, verhoiltuna tai ilman verhoilua. Mallisto on esill\u00e4 Tukholman kalustemessuilla helmikuun alussa.<\/p>\n<p>Tukholman messuilla esitell\u00e4\u00e4n verhoiluvaihtoehtona Lindforsin suunnittelema graafinen ja herskyv\u00e4n rohkea printtikangas. Kuosi on koottu suunnittelijan kolmesta erilaisesta kuosista, joiden alkuper\u00e4inen kohde on my\u00f6s Lindforsin suunnittelema Taidehotelli AX.<\/p>\n<h2>Tuolit on suunniteltu erityisesti hotelleihin ja ravintoloihin<\/h2>\n<p>Suunnittelijan tavoitteena oli luoda jotain huomiota her\u00e4tt\u00e4v\u00e4\u00e4, k\u00e4yt\u00e4nn\u00f6llist\u00e4 ja kaunista. Huomiota her\u00e4tt\u00e4v\u00e4t mielenkiintoisen verhoilun lis\u00e4ksi istuinkupin alasp\u00e4in kaartuvat helmat. Pinottavat ja kevyet tuolit ovat hotelli- ja ravintolak\u00e4yt\u00f6ss\u00e4 eritt\u00e4in k\u00e4yt\u00e4nn\u00f6llisi\u00e4.<\/p>\n<p><em>\u201cIstuinkuppi on muotopuristuksen taidonn\u00e4yte. Olen tyytyv\u00e4inen lopputulokseen.\u201d<\/em> Lindfors toteaa.<\/p>\n<p>Suunnittelijan ja valmistajan strateginen yhteisty\u00f6 kasvaa ja kehittyy tulevaisuudessa. Yhteisty\u00f6ll\u00e4 haetaan my\u00f6s uusia tuotealueita, joissa huippumuotoilulla ja monipuolisella materiaali- ja teknologiaosaamisella voidaan tarjota kokonaisratkaisuja eri toimialoille.<\/p>\n<p><em>\u201cOlemme varmoja siit\u00e4, ett\u00e4 t\u00e4ll\u00e4 konseptilla pystymme tuomaan uusia avauksia my\u00f6s kest\u00e4v\u00e4n kehityksen haasteisiin\u201d<\/em>, kertoo Mikko Lietzen, Arvo Piiroinen Oy:n toimitusjohtaja.<\/p>\n<p><em>\u201cYll\u00e4tet\u00e4\u00e4n ensin toisemme ja sitten kaikki muut\u201d<\/em>, Lindfors p\u00e4\u00e4tt\u00e4\u00e4.<\/p>\n<h3>Lis\u00e4tietoja:<\/h3>\n<p><strong>Mikko Lietzen<\/strong><br \/>\nArvo Piiroinen Oy<br \/>\n<a href=\"tel:+358403516225\">+358 40 351 6225<\/a><br \/>\n<a href=\"mailto:mikko.lietzen@piiroinen.com\">mikko.lietzen@piiroinen.com<\/a>[\/vc_column_text][vc_column_text css=&#8221;.vc_custom_1675318018887{padding-top: 8% !important;padding-right: 10% !important;padding-bottom: 8% !important;padding-left: 10% !important;background-color: #f1ead2 !important;}&#8221;]<\/p>\n<h3>Stefan Lindfors<\/h3>\n<p>Stefan Lindfors on suomalainen graafinen suunnittelija, kuvanveist\u00e4j\u00e4, muotoilija ja sisustusarkkitehti. H\u00e4n on saanut useita kotimaisia ja ulkomaisia muotoilualan palkintoja. Lindfors on suunnitellut astioita, kalusteita, valaisimia, vaatteita ja kankaita muun muassa Arabialle, Iittalalle, Martelalle ja Marimekolle.<\/p>\n<h3>Piiroinen<\/h3>\n<p>Piiroinen on vuonna 1949 perustettu perheyritys, jonka p\u00e4\u00e4toimipaikka ja koko tuotanto sijaitsee Salossa. Yrityksell\u00e4 on yli 30:n vuoden kokemus kalusteiden valmistuksesta. Piiroisen tavoitteena on valmistaa ekologisesti ajattomia designkalusteita, jotka ovat helposti huollettavissa elinkaaren pituuden maksimoimiseksi.[\/vc_column_text][vc_column_text css=&#8221;.vc_custom_1675318148287{padding-top: 8% !important;padding-right: 10% !important;padding-bottom: 8% !important;padding-left: 10% !important;background-color: #dce9f5 !important;}&#8221;]<\/p>\n<h3>Tapaa Piiroinen Tukholman huonekalumessuilla osastolla A13:20<\/h3>\n<p>Maailman suurin skandinaavisen muotoilun tapahtuma j\u00e4rjestet\u00e4\u00e4n ensimm\u00e4ist\u00e4 kertaa kolmeen vuoteen ja se houkuttelee ammattilaisvieraita yli 100:sta maasta. Messut tarjoavat 400 n\u00e4ytteilleasettajan lis\u00e4ksi omaa ohjelmaa p\u00e4\u00e4puhujineen sek\u00e4 inspiroivia muotoilu- ja arkkitehtuurikeskusteluja.[\/vc_column_text][\/vc_column][\/vc_row]<\/p>\n","protected":false},"excerpt":{"rendered":"<p>Lindfors ja Piiroinen haluavat yll\u00e4tt\u00e4\u00e4 ensin toisensa ja sitten kaikki muut. Osapuolet ovat solmineet sopimuksen AX-tuolimalliston valmistuksesta.<\/p>\n","protected":false},"author":2,"featured_media":8840,"comment_status":"open","ping_status":"open","sticky":false,"template":"","format":"standard","meta":{"footnotes":""},"categories":[143,144],"tags":[],"class_list":["post-8836","post","type-post","status-publish","format-standard","has-post-thumbnail","hentry","category-designkalusteet","category-tiedotteet","category-143","category-144","description-off"],"yoast_head":"<!-- This site is optimized with the Yoast SEO plugin v21.4 - https:\/\/yoast.com\/wordpress\/plugins\/seo\/ -->\n<title>Stefan Lindfors palaa muotoilun kuninkuuslajin pariin Piiroisen johdolla - Piiroinen<\/title>\n<meta name=\"robots\" content=\"index, follow, max-snippet:-1, max-image-preview:large, max-video-preview:-1\" \/>\n<link rel=\"canonical\" href=\"https:\/\/www.piiroinen.com\/fi\/stefan-lindfors-palaa-muotoilun-kuninkuuslajin-pariin-piiroisen-johdolla\/\" \/>\n<meta property=\"og:locale\" content=\"fi_FI\" \/>\n<meta property=\"og:type\" content=\"article\" \/>\n<meta property=\"og:title\" content=\"Stefan Lindfors palaa muotoilun kuninkuuslajin pariin Piiroisen johdolla - Piiroinen\" \/>\n<meta property=\"og:description\" content=\"Lindfors ja Piiroinen haluavat yll\u00e4tt\u00e4\u00e4 ensin toisensa ja sitten kaikki muut. Osapuolet ovat solmineet sopimuksen AX-tuolimalliston valmistuksesta.\" \/>\n<meta property=\"og:url\" content=\"https:\/\/www.piiroinen.com\/fi\/stefan-lindfors-palaa-muotoilun-kuninkuuslajin-pariin-piiroisen-johdolla\/\" \/>\n<meta property=\"og:site_name\" content=\"Piiroinen\" \/>\n<meta property=\"article:published_time\" content=\"2023-02-02T06:10:48+00:00\" \/>\n<meta property=\"article:modified_time\" content=\"2023-02-02T06:11:23+00:00\" \/>\n<meta property=\"og:image\" content=\"https:\/\/www.piiroinen.com\/wp-content\/uploads\/AX-tuoli-2-lowres.jpg\" \/>\n\t<meta property=\"og:image:width\" content=\"1920\" \/>\n\t<meta property=\"og:image:height\" content=\"1281\" \/>\n\t<meta property=\"og:image:type\" content=\"image\/jpeg\" \/>\n<meta name=\"author\" content=\"Vilma\" \/>\n<meta name=\"twitter:card\" content=\"summary_large_image\" \/>\n<meta name=\"twitter:label1\" content=\"Kirjoittanut\" \/>\n\t<meta name=\"twitter:data1\" content=\"Vilma\" \/>\n\t<meta name=\"twitter:label2\" content=\"Arvioitu lukuaika\" \/>\n\t<meta name=\"twitter:data2\" content=\"2 minuuttia\" \/>\n<script type=\"application\/ld+json\" class=\"yoast-schema-graph\">{\"@context\":\"https:\/\/schema.org\",\"@graph\":[{\"@type\":\"WebPage\",\"@id\":\"https:\/\/www.piiroinen.com\/fi\/stefan-lindfors-palaa-muotoilun-kuninkuuslajin-pariin-piiroisen-johdolla\/\",\"url\":\"https:\/\/www.piiroinen.com\/fi\/stefan-lindfors-palaa-muotoilun-kuninkuuslajin-pariin-piiroisen-johdolla\/\",\"name\":\"Stefan Lindfors palaa muotoilun kuninkuuslajin pariin Piiroisen johdolla - Piiroinen\",\"isPartOf\":{\"@id\":\"https:\/\/www.piiroinen.com\/#website\"},\"datePublished\":\"2023-02-02T06:10:48+00:00\",\"dateModified\":\"2023-02-02T06:11:23+00:00\",\"author\":{\"@id\":\"https:\/\/www.piiroinen.com\/#\/schema\/person\/a50f2a584004fc7a8c879d795e9a8ad8\"},\"breadcrumb\":{\"@id\":\"https:\/\/www.piiroinen.com\/fi\/stefan-lindfors-palaa-muotoilun-kuninkuuslajin-pariin-piiroisen-johdolla\/#breadcrumb\"},\"inLanguage\":\"fi\",\"potentialAction\":[{\"@type\":\"ReadAction\",\"target\":[\"https:\/\/www.piiroinen.com\/fi\/stefan-lindfors-palaa-muotoilun-kuninkuuslajin-pariin-piiroisen-johdolla\/\"]}]},{\"@type\":\"BreadcrumbList\",\"@id\":\"https:\/\/www.piiroinen.com\/fi\/stefan-lindfors-palaa-muotoilun-kuninkuuslajin-pariin-piiroisen-johdolla\/#breadcrumb\",\"itemListElement\":[{\"@type\":\"ListItem\",\"position\":1,\"name\":\"Home\",\"item\":\"https:\/\/www.piiroinen.com\/\"},{\"@type\":\"ListItem\",\"position\":2,\"name\":\"Stefan Lindfors palaa muotoilun kuninkuuslajin pariin Piiroisen johdolla\"}]},{\"@type\":\"WebSite\",\"@id\":\"https:\/\/www.piiroinen.com\/#website\",\"url\":\"https:\/\/www.piiroinen.com\/\",\"name\":\"Piiroinen\",\"description\":\"Sustainable and well-functioning furniture, venues, components and repair service\",\"potentialAction\":[{\"@type\":\"SearchAction\",\"target\":{\"@type\":\"EntryPoint\",\"urlTemplate\":\"https:\/\/www.piiroinen.com\/?s={search_term_string}\"},\"query-input\":\"required name=search_term_string\"}],\"inLanguage\":\"fi\"},{\"@type\":\"Person\",\"@id\":\"https:\/\/www.piiroinen.com\/#\/schema\/person\/a50f2a584004fc7a8c879d795e9a8ad8\",\"name\":\"Vilma\",\"url\":\"https:\/\/www.piiroinen.com\/fi\/author\/vilma\/\"}]}<\/script>\n<!-- \/ Yoast SEO plugin. -->","yoast_head_json":{"title":"Stefan Lindfors palaa muotoilun kuninkuuslajin pariin Piiroisen johdolla - Piiroinen","robots":{"index":"index","follow":"follow","max-snippet":"max-snippet:-1","max-image-preview":"max-image-preview:large","max-video-preview":"max-video-preview:-1"},"canonical":"https:\/\/www.piiroinen.com\/fi\/stefan-lindfors-palaa-muotoilun-kuninkuuslajin-pariin-piiroisen-johdolla\/","og_locale":"fi_FI","og_type":"article","og_title":"Stefan Lindfors palaa muotoilun kuninkuuslajin pariin Piiroisen johdolla - Piiroinen","og_description":"Lindfors ja Piiroinen haluavat yll\u00e4tt\u00e4\u00e4 ensin toisensa ja sitten kaikki muut. Osapuolet ovat solmineet sopimuksen AX-tuolimalliston valmistuksesta.","og_url":"https:\/\/www.piiroinen.com\/fi\/stefan-lindfors-palaa-muotoilun-kuninkuuslajin-pariin-piiroisen-johdolla\/","og_site_name":"Piiroinen","article_published_time":"2023-02-02T06:10:48+00:00","article_modified_time":"2023-02-02T06:11:23+00:00","og_image":[{"width":1920,"height":1281,"url":"https:\/\/www.piiroinen.com\/wp-content\/uploads\/AX-tuoli-2-lowres.jpg","type":"image\/jpeg"}],"author":"Vilma","twitter_card":"summary_large_image","twitter_misc":{"Kirjoittanut":"Vilma","Arvioitu lukuaika":"2 minuuttia"},"schema":{"@context":"https:\/\/schema.org","@graph":[{"@type":"WebPage","@id":"https:\/\/www.piiroinen.com\/fi\/stefan-lindfors-palaa-muotoilun-kuninkuuslajin-pariin-piiroisen-johdolla\/","url":"https:\/\/www.piiroinen.com\/fi\/stefan-lindfors-palaa-muotoilun-kuninkuuslajin-pariin-piiroisen-johdolla\/","name":"Stefan Lindfors palaa muotoilun kuninkuuslajin pariin Piiroisen johdolla - Piiroinen","isPartOf":{"@id":"https:\/\/www.piiroinen.com\/#website"},"datePublished":"2023-02-02T06:10:48+00:00","dateModified":"2023-02-02T06:11:23+00:00","author":{"@id":"https:\/\/www.piiroinen.com\/#\/schema\/person\/a50f2a584004fc7a8c879d795e9a8ad8"},"breadcrumb":{"@id":"https:\/\/www.piiroinen.com\/fi\/stefan-lindfors-palaa-muotoilun-kuninkuuslajin-pariin-piiroisen-johdolla\/#breadcrumb"},"inLanguage":"fi","potentialAction":[{"@type":"ReadAction","target":["https:\/\/www.piiroinen.com\/fi\/stefan-lindfors-palaa-muotoilun-kuninkuuslajin-pariin-piiroisen-johdolla\/"]}]},{"@type":"BreadcrumbList","@id":"https:\/\/www.piiroinen.com\/fi\/stefan-lindfors-palaa-muotoilun-kuninkuuslajin-pariin-piiroisen-johdolla\/#breadcrumb","itemListElement":[{"@type":"ListItem","position":1,"name":"Home","item":"https:\/\/www.piiroinen.com\/"},{"@type":"ListItem","position":2,"name":"Stefan Lindfors palaa muotoilun kuninkuuslajin pariin Piiroisen johdolla"}]},{"@type":"WebSite","@id":"https:\/\/www.piiroinen.com\/#website","url":"https:\/\/www.piiroinen.com\/","name":"Piiroinen","description":"Sustainable and well-functioning furniture, venues, components and repair service","potentialAction":[{"@type":"SearchAction","target":{"@type":"EntryPoint","urlTemplate":"https:\/\/www.piiroinen.com\/?s={search_term_string}"},"query-input":"required name=search_term_string"}],"inLanguage":"fi"},{"@type":"Person","@id":"https:\/\/www.piiroinen.com\/#\/schema\/person\/a50f2a584004fc7a8c879d795e9a8ad8","name":"Vilma","url":"https:\/\/www.piiroinen.com\/fi\/author\/vilma\/"}]}},"_links":{"self":[{"href":"https:\/\/www.piiroinen.com\/fi\/wp-json\/wp\/v2\/posts\/8836","targetHints":{"allow":["GET"]}}],"collection":[{"href":"https:\/\/www.piiroinen.com\/fi\/wp-json\/wp\/v2\/posts"}],"about":[{"href":"https:\/\/www.piiroinen.com\/fi\/wp-json\/wp\/v2\/types\/post"}],"author":[{"embeddable":true,"href":"https:\/\/www.piiroinen.com\/fi\/wp-json\/wp\/v2\/users\/2"}],"replies":[{"embeddable":true,"href":"https:\/\/www.piiroinen.com\/fi\/wp-json\/wp\/v2\/comments?post=8836"}],"version-history":[{"count":9,"href":"https:\/\/www.piiroinen.com\/fi\/wp-json\/wp\/v2\/posts\/8836\/revisions"}],"predecessor-version":[{"id":8847,"href":"https:\/\/www.piiroinen.com\/fi\/wp-json\/wp\/v2\/posts\/8836\/revisions\/8847"}],"wp:featuredmedia":[{"embeddable":true,"href":"https:\/\/www.piiroinen.com\/fi\/wp-json\/wp\/v2\/media\/8840"}],"wp:attachment":[{"href":"https:\/\/www.piiroinen.com\/fi\/wp-json\/wp\/v2\/media?parent=8836"}],"wp:term":[{"taxonomy":"category","embeddable":true,"href":"https:\/\/www.piiroinen.com\/fi\/wp-json\/wp\/v2\/categories?post=8836"},{"taxonomy":"post_tag","embeddable":true,"href":"https:\/\/www.piiroinen.com\/fi\/wp-json\/wp\/v2\/tags?post=8836"}],"curies":[{"name":"wp","href":"https:\/\/api.w.org\/{rel}","templated":true}]}}